{"id":4706,"date":"2018-05-21T16:11:41","date_gmt":"2018-05-21T14:11:41","guid":{"rendered":"http:\/\/veneto.angsa.it\/?p=4706"},"modified":"2018-05-21T16:11:41","modified_gmt":"2018-05-21T14:11:41","slug":"laboratori-estivi-per-persone-con-autismo-e-altre-disabilita-estate-2018","status":"publish","type":"post","link":"https:\/\/angsaveneto.it\/?p=4706","title":{"rendered":"Laboratori estivi per persone con autismo e altre disabilit\u00e0: estate 2018"},"content":{"rendered":"<p>Siamo lieti di informarvi che saranno avviati i Laboratori estivi per persone con autismo e altre disabilit\u00e0: estate 2018<br \/>\nVi ricordiamo che il progetto \u00e8 rivolto a persone con Diagnosi facente parte dei Disturbi dello Spettro Autistico e\/o altre disabilit\u00e0, di qualsiasi et\u00e0 e residenti nel territorio dell\u2019Ulss 7.<br \/>\nL\u2019obiettivo principale \u00e8 quello di offrire ai ragazzi\/e e alle loro famiglie un servizio estivo dedicato e che operi, nel rispetto delle caratteristiche e peculiarit\u00e0 del disturbo di ogni partecipante. Principalmente, le attivit\u00e0 verteranno sul potenziamento e mantenimento delle macro aree riguardanti le autonomie personali e competenze relazionali e sociali.<br \/>\nL\u2019intento \u00e8 quello di coprire tutto l\u2019arco estivo, per cinque giorni alla settimana, dalle 8.00 alle 14.00 (salvo giornate specifiche, durante le quali l\u2019orario potrebbe essere modificato) da Luned\u00ec 11 Giugno a Venerd\u00ec 7 Settembre, il tutto se si raggiunger\u00e0 un numero minimo di partecipanti.<br \/>\nSede: Istituto Palazzolo a Ros\u00e0 (VI), Via Capitano Alessio 9<br \/>\nil progetto \u00e8 realizzato dalle Associazioni \u201cNeuroscienze Insieme\u201d (APS), ANGSA Veneto Onlus e Anfass Onlus<\/p>\n<p>Ricordo che anche quest&#8217;anno ci sar\u00e0 il Service <a href=\"https:\/\/www.facebook.com\/events\/1625767097492315\/\">Gocce di Brenta<\/a> tutti possono contribuire al successo dell&#8217;iniziativa offrendo premi per la lotteria, interessando aziende per che offrano prodotti o contributi per la cena di Gala, acquistando i biglietti di partecipazione alla Cena di Gala. Una parte dei fondi raccolti dall&#8217;iniziativa Gocce di Brenta saranno destinati al Progetto del\u00a0 nostro centro estivo.<\/p>\n<p>\u200bPer info e iscrizioni: \u200b<\/p>\n<p>\u200bCoordinatori del progetto:\u200b Dott. Marco Dal Ponte 347\/3856519\u200b E-mail: <a href=\"mailto:marcodalponte.1@libero.it\">marcodalponte.1@libero.it<\/a>\u200b Alice Bucca 333\/8660963\u200b E-mail: <a href=\"mailto:sweetalis88@gmail.com\">sweetalis88@gmail.com<\/a><\/p>\n<p>&nbsp;<\/p>\n<p>\u200ballegato: Volantino illustrativo\u200b<\/p>\n<p>[pdf-embedder url=&#8221;http:\/\/veneto.angsa.it\/wp-content\/uploads\/sites\/4\/2018\/05\/laboratori-estivi-autismo-2018-ADULTI.pdf&#8221; title=&#8221;laboratori estivi autismo 2018 ADULTI&#8221;]<\/p>\n","protected":false},"excerpt":{"rendered":"<p>Siamo lieti di informarvi che saranno avviati i Laboratori estivi per persone con autismo e altre disabilit\u00e0: estate 2018 Vi ricordiamo che il progetto \u00e8 rivolto a persone con Diagnosi facente parte dei Disturbi dello Spettro Autistico e\/o altre disabilit\u00e0, di qualsiasi et\u00e0 e residenti nel territorio dell\u2019Ulss 7. L\u2019obiettivo principale \u00e8 quello di offrire [&hellip;]<\/p>\n","protected":false},"author":1,"featured_media":0,"comment_status":"open","ping_status":"closed","sticky":false,"template":"","format":"standard","meta":{"site-sidebar-layout":"default","site-content-layout":"","ast-site-content-layout":"default","site-content-style":"default","site-sidebar-style":"default","ast-global-header-display":"","ast-banner-title-visibility":"","ast-main-header-display":"","ast-hfb-above-header-display":"","ast-hfb-below-header-display":"","ast-hfb-mobile-header-display":"","site-post-title":"","ast-breadcrumbs-content":"","ast-featured-img":"","footer-sml-layout":"","ast-disable-related-posts":"","theme-transparent-header-meta":"","adv-header-id-meta":"","stick-header-meta":"","header-above-stick-meta":"","header-main-stick-meta":"","header-below-stick-meta":"","astra-migrate-meta-layouts":"default","ast-page-background-enabled":"default","ast-page-background-meta":{"desktop":{"background-color":"","background-image":"","background-repeat":"repeat","background-position":"center center","background-size":"auto","background-attachment":"scroll","background-type":"","background-media":"","overlay-type":"","overlay-color":"","overlay-opacity":"","overlay-gradient":""},"tablet":{"background-color":"","background-image":"","background-repeat":"repeat","background-position":"center center","background-size":"auto","background-attachment":"scroll","background-type":"","background-media":"","overlay-type":"","overlay-color":"","overlay-opacity":"","overlay-gradient":""},"mobile":{"background-color":"","background-image":"","background-repeat":"repeat","background-position":"center center","background-size":"auto","background-attachment":"scroll","background-type":"","background-media":"","overlay-type":"","overlay-color":"","overlay-opacity":"","overlay-gradient":""}},"ast-content-background-meta":{"desktop":{"background-color":"var(--ast-global-color-5)","background-image":"","background-repeat":"repeat","background-position":"center center","background-size":"auto","background-attachment":"scroll","background-type":"","background-media":"","overlay-type":"","overlay-color":"","overlay-opacity":"","overlay-gradient":""},"tablet":{"background-color":"var(--ast-global-color-5)","background-image":"","background-repeat":"repeat","background-position":"center center","background-size":"auto","background-attachment":"scroll","background-type":"","background-media":"","overlay-type":"","overlay-color":"","overlay-opacity":"","overlay-gradient":""},"mobile":{"background-color":"var(--ast-global-color-5)","background-image":"","background-repeat":"repeat","background-position":"center center","background-size":"auto","background-attachment":"scroll","background-type":"","background-media":"","overlay-type":"","overlay-color":"","overlay-opacity":"","overlay-gradient":""}},"footnotes":""},"categories":[8,14],"tags":[31,79,81,112,180,249,279,448,658],"class_list":["post-4706","post","type-post","status-publish","format-standard","hentry","category-news","category-senza-categoria","tag-31","tag-anffas","tag-angsa","tag-autismo","tag-centro","tag-disabilita","tag-estivo","tag-neuroscienze","tag-ulss7"],"jetpack_featured_media_url":"","_links":{"self":[{"href":"https:\/\/angsaveneto.it\/index.php?rest_route=\/wp\/v2\/posts\/4706","targetHints":{"allow":["GET"]}}],"collection":[{"href":"https:\/\/angsaveneto.it\/index.php?rest_route=\/wp\/v2\/posts"}],"about":[{"href":"https:\/\/angsaveneto.it\/index.php?rest_route=\/wp\/v2\/types\/post"}],"author":[{"embeddable":true,"href":"https:\/\/angsaveneto.it\/index.php?rest_route=\/wp\/v2\/users\/1"}],"replies":[{"embeddable":true,"href":"https:\/\/angsaveneto.it\/index.php?rest_route=%2Fwp%2Fv2%2Fcomments&post=4706"}],"version-history":[{"count":0,"href":"https:\/\/angsaveneto.it\/index.php?rest_route=\/wp\/v2\/posts\/4706\/revisions"}],"wp:attachment":[{"href":"https:\/\/angsaveneto.it\/index.php?rest_route=%2Fwp%2Fv2%2Fmedia&parent=4706"}],"wp:term":[{"taxonomy":"category","embeddable":true,"href":"https:\/\/angsaveneto.it\/index.php?rest_route=%2Fwp%2Fv2%2Fcategories&post=4706"},{"taxonomy":"post_tag","embeddable":true,"href":"https:\/\/angsaveneto.it\/index.php?rest_route=%2Fwp%2Fv2%2Ftags&post=4706"}],"curies":[{"name":"wp","href":"https:\/\/api.w.org\/{rel}","templated":true}]}}