{"id":4581,"date":"2018-03-16T18:36:07","date_gmt":"2018-03-16T17:36:07","guid":{"rendered":"http:\/\/veneto.angsa.it\/?p=4581"},"modified":"2018-03-16T18:36:07","modified_gmt":"2018-03-16T17:36:07","slug":"vicenza-si-colora-di-blu-tam-tam-autismo","status":"publish","type":"post","link":"https:\/\/angsaveneto.it\/?p=4581","title":{"rendered":"Vicenza si colora di Blu Tam Tam autismo"},"content":{"rendered":"<p>Le Nazioni Unite hanno proclamato il 2 aprile Giornata Mondiale della consapevolezza<br \/>\nsull\u2019autismo, perch\u00e9 ci sia una sensibilizzazione di tutti sull\u2019autismo, forma\u00a0di comportamento comune a tante malattie rare note ed ignote, che rappresenta<br \/>\nattualmente un gravissimo problema a livello mondiale.<br \/>\nUna ricerca accuratamente condotta fra il 2000 e il 2012 negli USA dal CDC di Atlanta sui bambini che via via compivano\u00a0gli otto anni dimostra che l\u2019autismo raddoppia nel decennio, passando dal 7 al 15 per mille, pari a un bambino\u00a0ogni 68.<\/p>\n<p>La rilevazione del 2012 ha confermato lo stesso dato come stabile. I dati delle Regioni italiane sono scarsi e disomogenei ed oggi contano soltanto 5 bambini su 1000, ma i bambini con autismo sono molti di pi\u00f9: la differenza si spiega perch\u00e9 non vengono fatte le diagnosi, sopratutto per i casi meno gravi. La diagnosi precoce \u00e8 importante perch\u00e9 consente di fare interventi tanto pi\u00f9 efficaci quanto maggiore \u00e8 la plasticit\u00e0 del cervello nei primi anni di vita.<br \/>\nLa Linea guida n. 21 dell\u2019Istituto Superiore di Sanit\u00e0 constata che, se \u00e8 vero che non vi sono ancora interventi farmacologici per curare l\u2019autismo, alcune strategie di educazione speciale mediate dai genitori e basate sull\u2019Analisi Applicata del Comportamento possono dare buoni risultati per migliorare la qualit\u00e0 di vita delle persone con autismo e delle loro famiglie. Purtroppo la conoscenza di queste strategie \u00e8 poco diffusa in Italia, dove molti operatori addirittura le osteggiano, con rinnovata forza negli ultimi tempi. Perci\u00f2 si assiste al paradosso che le tante risorse umane messe a disposizione nella scuola italiana (insegnanti di sostegno, educatori, assistenti alla comunicazione, altri assistenti tecnici) non ottengono buoni risultati: al termine della scuola i ragazzi con autismo finiscono quasi tutti a carico delle famiglie oppure in ghetti per disabili mentali, centri diurni e poi residenziali, privi di personale esperto sull\u2019autismo.<br \/>\nIl 2 aprile in tutto il mondo le citt\u00e0 illuminano di blu i monumenti pi\u00f9 rappresentativi a testimoniare la vicinanza della cittadinanza alle persone con autismo e alle loro famiglie. Anche in Italia il 2 Aprile si contano moltissime manifestazioni,come riportato nei siti: <a href=\"http:\/\/angsa.it\/\">www.angsa.i<\/a>t oppure <a href=\"http:\/\/www.fondazione-autismo.it\">www.fondazione-autismo.it<\/a><\/p>\n<p>Ecco le iniziative che avranno luogo a Vicenza<\/p>\n<p><img fetchpriority=\"high\" decoding=\"async\" class=\"alignnone size-medium wp-image-4583\" src=\"http:\/\/veneto.angsa.it\/wp-content\/uploads\/sites\/4\/2018\/03\/Tam-Tam-autismo-a-Vicenza-210x300.jpg\" alt=\"\" width=\"210\" height=\"300\" srcset=\"https:\/\/angsaveneto.it\/wp-content\/uploads\/2018\/03\/Tam-Tam-autismo-a-Vicenza-210x300.jpg 210w, https:\/\/angsaveneto.it\/wp-content\/uploads\/2018\/03\/Tam-Tam-autismo-a-Vicenza-717x1024.jpg 717w, https:\/\/angsaveneto.it\/wp-content\/uploads\/2018\/03\/Tam-Tam-autismo-a-Vicenza.jpg 737w\" sizes=\"(max-width: 210px) 100vw, 210px\" \/><\/p>\n","protected":false},"excerpt":{"rendered":"<p>Le Nazioni Unite hanno proclamato il 2 aprile Giornata Mondiale della consapevolezza sull\u2019autismo, perch\u00e9 ci sia una sensibilizzazione di tutti sull\u2019autismo, forma\u00a0di comportamento comune a tante malattie rare note ed ignote, che rappresenta attualmente un gravissimo problema a livello mondiale. Una ricerca accuratamente condotta fra il 2000 e il 2012 negli USA dal CDC di [&hellip;]<\/p>\n","protected":false},"author":1,"featured_media":0,"comment_status":"open","ping_status":"closed","sticky":false,"template":"","format":"standard","meta":{"site-sidebar-layout":"default","site-content-layout":"","ast-site-content-layout":"default","site-content-style":"default","site-sidebar-style":"default","ast-global-header-display":"","ast-banner-title-visibility":"","ast-main-header-display":"","ast-hfb-above-header-display":"","ast-hfb-below-header-display":"","ast-hfb-mobile-header-display":"","site-post-title":"","ast-breadcrumbs-content":"","ast-featured-img":"","footer-sml-layout":"","ast-disable-related-posts":"","theme-transparent-header-meta":"","adv-header-id-meta":"","stick-header-meta":"","header-above-stick-meta":"","header-main-stick-meta":"","header-below-stick-meta":"","astra-migrate-meta-layouts":"default","ast-page-background-enabled":"default","ast-page-background-meta":{"desktop":{"background-color":"","background-image":"","background-repeat":"repeat","background-position":"center center","background-size":"auto","background-attachment":"scroll","background-type":"","background-media":"","overlay-type":"","overlay-color":"","overlay-opacity":"","overlay-gradient":""},"tablet":{"background-color":"","background-image":"","background-repeat":"repeat","background-position":"center center","background-size":"auto","background-attachment":"scroll","background-type":"","background-media":"","overlay-type":"","overlay-color":"","overlay-opacity":"","overlay-gradient":""},"mobile":{"background-color":"","background-image":"","background-repeat":"repeat","background-position":"center center","background-size":"auto","background-attachment":"scroll","background-type":"","background-media":"","overlay-type":"","overlay-color":"","overlay-opacity":"","overlay-gradient":""}},"ast-content-background-meta":{"desktop":{"background-color":"var(--ast-global-color-5)","background-image":"","background-repeat":"repeat","background-position":"center center","background-size":"auto","background-attachment":"scroll","background-type":"","background-media":"","overlay-type":"","overlay-color":"","overlay-opacity":"","overlay-gradient":""},"tablet":{"background-color":"var(--ast-global-color-5)","background-image":"","background-repeat":"repeat","background-position":"center center","background-size":"auto","background-attachment":"scroll","background-type":"","background-media":"","overlay-type":"","overlay-color":"","overlay-opacity":"","overlay-gradient":""},"mobile":{"background-color":"var(--ast-global-color-5)","background-image":"","background-repeat":"repeat","background-position":"center center","background-size":"auto","background-attachment":"scroll","background-type":"","background-media":"","overlay-type":"","overlay-color":"","overlay-opacity":"","overlay-gradient":""}},"footnotes":""},"categories":[8,14],"tags":[27,31,95,112,628,686],"class_list":["post-4581","post","type-post","status-publish","format-standard","hentry","category-news","category-senza-categoria","tag-27","tag-31","tag-aprile","tag-autismo","tag-tam","tag-vicenza"],"jetpack_featured_media_url":"","_links":{"self":[{"href":"https:\/\/angsaveneto.it\/index.php?rest_route=\/wp\/v2\/posts\/4581","targetHints":{"allow":["GET"]}}],"collection":[{"href":"https:\/\/angsaveneto.it\/index.php?rest_route=\/wp\/v2\/posts"}],"about":[{"href":"https:\/\/angsaveneto.it\/index.php?rest_route=\/wp\/v2\/types\/post"}],"author":[{"embeddable":true,"href":"https:\/\/angsaveneto.it\/index.php?rest_route=\/wp\/v2\/users\/1"}],"replies":[{"embeddable":true,"href":"https:\/\/angsaveneto.it\/index.php?rest_route=%2Fwp%2Fv2%2Fcomments&post=4581"}],"version-history":[{"count":0,"href":"https:\/\/angsaveneto.it\/index.php?rest_route=\/wp\/v2\/posts\/4581\/revisions"}],"wp:attachment":[{"href":"https:\/\/angsaveneto.it\/index.php?rest_route=%2Fwp%2Fv2%2Fmedia&parent=4581"}],"wp:term":[{"taxonomy":"category","embeddable":true,"href":"https:\/\/angsaveneto.it\/index.php?rest_route=%2Fwp%2Fv2%2Fcategories&post=4581"},{"taxonomy":"post_tag","embeddable":true,"href":"https:\/\/angsaveneto.it\/index.php?rest_route=%2Fwp%2Fv2%2Ftags&post=4581"}],"curies":[{"name":"wp","href":"https:\/\/api.w.org\/{rel}","templated":true}]}}