{"id":4327,"date":"2017-08-11T18:57:27","date_gmt":"2017-08-11T16:57:27","guid":{"rendered":"http:\/\/veneto.angsa.it\/?p=4327"},"modified":"2017-08-11T18:57:27","modified_gmt":"2017-08-11T16:57:27","slug":"relazione-attivita-2016-progetti-presenti-e-futuri","status":"publish","type":"post","link":"https:\/\/angsaveneto.it\/?p=4327","title":{"rendered":"Relazione attivit\u00e0 2016 progetti presenti e futuri"},"content":{"rendered":"<p><em>L\u2019attivit\u00e0 dell\u2019Associazione Angsa \u00e8 da sempre imperniata sia nel sostegno delle persone con autismo e con disturbi pervasivi dello sviluppo sia delle loro famiglie.<\/em><\/p>\n<p><em>Una delle principali attivit\u00e0 dell\u2019Angsa consiste ancora nel contrastare le vecchie, false e devastanti ipotesi sull&#8217;origine psicogenetica dell&#8217;autismo e i conseguenti inutili interventi psicoterapeutici, purtroppo ancora in atto in alcune zone del nostro paese. Incontriamo ancora forti resistenze da parte della scuola psicodinamica che non accenna a riconsiderare le proprie posizioni nonostante non ci siano evidenze scientifiche positive sui trattamenti proposti. Spesso anzi non perdono occasione per richiedere di essere inseriti tra i trattamenti consigliati e purtroppo a suffragare queste richieste c\u2019\u00e8 spesso lo zampino di qualche politico.<\/em><\/p>\n<p><em>\u00c8 ormai consolidato sulla base di innumerevoli ricerche genetiche e biochimiche,che le cause dell\u2019autismo siano dovute ad una disfunzione neurologica con base genetica che induce una \u201cdesensibilizzazione\u201d sociale del soggetto colpito.<\/em><\/p>\n<p><em>Per le caratteristiche molto complesse dell\u2019autismo e dei disturbi pervasivi dello sviluppo non esistono al momento dalle ipotesi di cura in quanto sono ancora sconosciute le cause scatenanti e soprattutto non si riesce a individuare il denominatore comune tra le ormai decine di alterazioni genetiche individuate. Pertanto non ci sono ancora dei farmaci in grado di agire in modo strutturale sul disturbo. <\/em><\/p>\n<p><em>Per tali motivi si ritiene, al momento, appropriato applicare quelle soluzioni di pedagogia speciale, che offrono la possibilit\u00e0 di approntare dei percorsi educativi precoci e individualizzati, all\u2019interno di strategie appositamente predisposte per le persone autistiche al fine di pervenire ad un minimo di autonomia individuale.<\/em><\/p>\n<p><em>Per questo l\u2019Angsa \u00e8 particolarmente impegnata nella diffusione di questo approccio educativo e a stimolare l\u2019applicazione sul territorio di prassi consolidate. Inoltre, soprattutto a livello nazionale, \u00e8 impegnata a sostenere la ricerca scientifica affinch\u00e9 perseveri nell\u2019approfondimento delle conoscenze genetiche oltre a collaborare con le Istituzioni pubbliche perch\u00e9 si applichino in modo omogeneo i risultati validati dagli studi nazionali e internazionali.<\/em><\/p>\n<p><em>Una particolare attenzione sta coinvolgendo l\u2019ANGSA sia a livello nazionale che regionale per l\u2019applicazione della \u201cLinea guida 21\u201d e dei LEA Livelli Essenziali di Assistenza definiti dalla Legge 134 dell\u2019autismo.<\/em><\/p>\n<p><em>Compito non secondario delle Associazioni Angsa consiste nel vigilare affinch\u00e9 le programmazioni socio-sanitarie regionali prevedano l\u2019aggiornamento e l\u2019adeguamento dei trattamenti per l\u2019autismo.<\/em><\/p>\n<p><em>Gli obiettivi di ANGSA vengono perseguiti attraverso:<\/em><\/p>\n<ul>\n<li><em>Il supporto alle famiglie, <\/em><\/li>\n<li><em>L\u2019organizzazione di servizi finalizzati alle esigenze delle famiglie con la definizione di progetti specifici,<\/em><\/li>\n<li><em>L\u2019organizzazione di attivit\u00e0 quali:<\/em><\/li>\n<\/ul>\n<ul>\n<li><em>Seminari, convegni, congressi e manifestazioni varie,<\/em><\/li>\n<li><em>partecipazione a gruppi di lavoro e incontri tecnici e\/o divulgativi, etc.<\/em><\/li>\n<\/ul>\n<ul>\n<li><em>Collaborazione con le Istituzioni pubbliche e private, etc.<\/em><\/li>\n<\/ul>\n<p><em>\u00a0<\/em><em>Vi presentiamo una sintetica carrellata delle principali attivit\u00e0 svolte durante l\u2019anno dall\u2019ANGSA Veneto.<\/em><\/p>\n<p><em>Sinteticamente suddividerei l\u2019attivit\u00e0 dell\u2019associazione in tre grandi aree di intervento che sinteticamente vado ad esaminare nelle problematiche.<\/em><\/p>\n<p><em>\u00a0<\/em><em><strong>Area di intervento: supporto alle famiglie<\/strong><\/em><\/p>\n<p><em>\u00a0<\/em><em>\u00c8 questa l\u2019attivit\u00e0 pi\u00f9 impegnativa e allo stesso tempo pi\u00f9 necessaria in quanto ci fa toccare con mano la realt\u00e0 pi\u00f9 cruda e a volte inimmaginabile delle situazioni di molti nostri associati. <\/em><\/p>\n<p><em>Ovviamente non possiamo entrare nei singoli casi ma le problematiche affrontate vanno:<\/em><\/p>\n<ul>\n<li><em><strong>dal maltrattamento nelle pi\u00f9 svariate situazioni, <\/strong><\/em><\/li>\n<li><em><strong>alla separazione dei coniugi, <\/strong><\/em><\/li>\n<li><em><strong>alla mancata assistenza da parte dei servizi, <\/strong><\/em><\/li>\n<li><em><strong>alla gestione di situazioni fisicamente pericolose, <\/strong><\/em><\/li>\n<li><em><strong>alla mancanza di presa in carico del piccolo e <\/strong><\/em><\/li>\n<li><em><strong>al problema del \u201cDOPO DI NOI\u201d nell\u2019adulto.<\/strong><\/em><\/li>\n<\/ul>\n<p><em>In molte situazioni possiamo dare un contributo \u201cpersonale\u201d alle famiglie nel senso che possiamo indirizzarle verso questa o quella soluzione in base alle nostre esperienze o alle conoscenze delle dinamiche del territorio. <\/em><\/p>\n<p><em>Ci rendiamo conto per\u00f2 che un forte passo in avanti potrebbe essere l\u2019aver a disposizione uno studio legale al quale delegare le situazioni pi\u00f9 scabrose e quelle dove gran parte del problema \u00e8 dato da un\u2019insensibilit\u00e0 evidente dei Funzionari\/ Servizi verso soluzioni mirate e condivise dalle famiglie.<\/em><\/p>\n<p><em>Lascio spazio alle vostre riflessioni ed eventuali proposte.<\/em><\/p>\n<p><em>\u00a0<\/em><em><strong>Area di intervento: PROGETTI SPECIFICI<\/strong><\/em><\/p>\n<p><em>Ci riferiamo in particolare a: <\/em><\/p>\n<ul>\n<li><em><strong>L\u2019EDUCAZIONE DOMICILIARE,<\/strong><\/em><\/li>\n<li><em><strong>BUON FINE SETTIMANA,<\/strong><\/em><\/li>\n<li><em><strong>CENTRO ESTIVO,<\/strong><\/em><\/li>\n<li><em><strong>DOPOSCUOLA,<\/strong><\/em><\/li>\n<\/ul>\n<p><em>Che si attuano grazie alla preziosa collaborazione di altriEnti quali:<\/em><\/p>\n<ul>\n<li><em><strong>il \u201cServizio Stage dell\u2019Universit\u00e0 di Padova\u201d,<\/strong><\/em><\/li>\n<li><em><strong>la \u201cCooperativa ANFFAS Servizi\u201d di Bassano del Grappa,<\/strong><\/em><\/li>\n<li><em><strong>l\u2019Associazione ANFFAS di Bassano del Grappa,<\/strong><\/em><\/li>\n<\/ul>\n<p><em>e che sono resi possibili grazie al contributo di:<\/em><\/p>\n<ul>\n<li><em><strong>Service Gocce di Brenta,<\/strong><\/em><\/li>\n<li><em><strong>Rotary Club Castelli di Bassano del Grappa,<\/strong><\/em><\/li>\n<li><em><strong>Centro Servizi Volontariato di Vicenza,<\/strong><\/em><\/li>\n<\/ul>\n<p><em>Con il Patrocinio di:<\/em><\/p>\n<ul>\n<li><em><strong>Comune di Bassano Del Grappa,<\/strong><\/em><\/li>\n<li><em><strong>Comune di Nove.<\/strong><\/em><\/li>\n<\/ul>\n<p><em>Sono progetti che vanno a coprire specifiche lacune del territorio e sono assolutamente importanti e fondamentali sia per sopperire alle necessit\u00e0 urgenti delle famiglie e sia per consentire a chi \u00e8 interessato al problema dell\u2019handicap di toccare con mano le problematiche specifiche e le relative dinamiche.<\/em><\/p>\n<p><em>Pur preziosi e necessari sono per\u00f2 progetti legati a dei contributi e quindi limitati nel tempo. <\/em><\/p>\n<p><em>Il progetto dei doposcuola e del Centro estivo si avvale di team di lavoro composto da psicologa, operatori e volontari formati in modo specifico. <\/em><\/p>\n<p><em>Ci\u00f2 consente un raccordo con i familiari per impostare un programma specifico per ogni partecipante con la finalit\u00e0 di proporre attivit\u00e0 in piccoli gruppi atte promuovere autonomia, comunicazione apprendimento di regole sociali, interazione\u2026etc.<\/em><\/p>\n<p><em>\u00a0<\/em><em>Comunque, se da un lato si aprono spiragli culturali interessanti nella societ\u00e0 civile, permangono, nel territorio ancora molte difficolt\u00e0 per affrontare il problema dell\u2019autismo in modo concreto e rispondente alle esigenze delle Famiglie e dei Soggetti autistici. <\/em><\/p>\n<p><em>In particolare riscontriamo l\u2019esigenza di far capire ai Responsabili del Pubblico che le Famiglie hanno bisogno di servizi CONTINUATIVI E CERTI che siano per le stesse un riferimento costante nel tempo e in grado di soddisfare concretamente i bisogni dei loro congiunti.<\/em><\/p>\n<p><em><strong>Terza area di intervento: PARTECIPAZIONE A SEMINARI, CONVEGNI E INCONTRI VARI<\/strong><\/em><\/p>\n<p><em>\u00a0<\/em><em>Sono numerosissime le manifestazioni alle quali abbiamo partecipato sia con impegno diretto che come supporto.<\/em><\/p>\n<p><em>Per citarne alcuni Corsi e Seminari quali:<\/em><\/p>\n<ul>\n<li><em>Sala Convegni Ospedale San GiacomoCastelfranco (TV) il 22 gennaio con il Seminario \u201c<strong>Proposta sociale Casa Del Campo<\/strong>\u201dorganizzato da Cooperativa Castelmonte;<\/em><\/li>\n<li><em>Palazzo Gran Guardia Verona il 1 aprile nell\u2019ambito della manifestazione \u201c<strong>Euritmie talenti speciali accedono alle arti<\/strong>\u201d \u00e8 stato presentato il Coordinamento Autismo Veneto al Convegno \u201c<strong>Autismo in et\u00e0 adolescenziale- adulta<\/strong>\u201d organizzato da Autismi Verona;<\/em><\/li>\n<li><em>CTS Badia Polesine Rovigo il 5 aprile Corso \u201c<strong>Corso di formazione di base sui Disturbi dello Spettro autistico<\/strong>\u201d;<\/em><\/li>\n<li><em>Universit\u00e0 IUSVE Mestre (VE) 9 aprile Convegno Master sulla genitorialit\u00e0 \u201c<strong>Senso e non senso della parola autismo\u201d<\/strong><\/em><\/li>\n<li><em>Istituto Remondini di Bassano Del Grappa (VI) 2 maggio Seminario \u201c<strong>La scuola incontra l\u2019autismo<\/strong>\u201d organizzato da Sportello autismo di Vicenza;<\/em><\/li>\n<li><em>Aula Magna ISS Atesino Este (PD) 10 giugno 2016 Convegno \u201c<strong>Diventare adulti nella disabilit\u00e0<\/strong>\u201d organizzato da ULSS17.<\/em><\/li>\n<li><em>Centro Elisa Conte Costabissara (VI) 7 ottobre Tavola rotonda \u201c<strong>Vita da fratelli<\/strong>\u201d promosso dall\u2019Associazione \u201cIn viaggio con te\u201d.<\/em><\/li>\n<li><em>Incontri organizzati<\/em><em> dalle associazioni, Antica Chiesa di Pressana (VR) 5 giugno \u201c<strong>Stopautismi<\/strong>\u201d.<\/em><\/li>\n<li><em>Incontro promosso da FISH gruppo scuola, Sede Anffas Padova 3 settembre <strong>Seminario scuola<\/strong>. <\/em><\/li>\n<li><em>proiezione del Film \u201c<strong>Genitori\u201d<\/strong>promosso da Lions Da Ponte Bassano Del Grappa, 7 ottobre, fiera di Bassano del Grappa (VI).<\/em><\/li>\n<li><em>Centro Congressi Belluno il 22 ottobre \u201c<strong>Guardami negli occhi-autismo e integrazione sociale dalla scuola ad altre realt\u00e0<\/strong>\u201dpromosso dall\u2019Associazione Gruppo autismo Belluno.<\/em><\/li>\n<\/ul>\n<p><em>Tutti sono stati interessanti e sicuramente, almeno speriamo, abbiano contribuito a far conoscere l\u2019autismo o meglio dire gli autismi e sindromi correlate al grande pubblico e siano servite, quelle dedicate agli \u201caddetti ai lavori\u201d ad approfondire particolari questioni tecniche per poter svolgere al meglio il loro lavoro.<\/em><\/p>\n<p><em>Ormai l\u2019autismo \u00e8 una delle sindromi pi\u00f9 studiate e dibattute e per rendersi conto di ci\u00f2 basta sfogliare la stampa specialistica. <\/em><\/p>\n<p>Ricordiamo la legge Nazionale n. 134\/2015 \u201c<a href=\"http:\/\/www.senato.it\/service\/PDF\/PDFServer\/DF\/314982.pdf\">Disposizioni in materia di diagnosi, cura e abilitazione delle persone con disturbi dello spettro autistico e di assistenza alle famiglie<\/a>\u201d che prevede una seria programmazione socio sanitaria in ambito regionale. La giunta Regionale del Veneto, con <strong>l\u2019approvazione delle linee di indirizzo sull\u2019autismo il 28-12-2012 con delibera 2959 ha compiuto un gesto importante <\/strong>ma attendiamo ancora la loro applicazione.<\/p>\n<p><strong>Dobbiamo dar atto all\u2019assessore Manuela Lanzarin <\/strong>di aver riattivato nell\u2019aprile 2016 il \u201c<strong>tavolo di lavoro per l\u2019autismo\u201d<\/strong>che avr\u00e0 come obiettivo per il 2017 il compito di monitore l\u2019applicazione delle linee di indirizzo.<\/p>\n<p>Ci auguriamo e faremo da sprone affinch\u00e9 si costituisca il \u201c<strong>gruppo di coordinamento e monitoraggio regionale\u201d<\/strong> e vi sia soprattutto <strong>pi\u00f9 concretezza<\/strong> nell\u2019attuazione delle linee di indirizzo per l\u2019autismo al fine di dare una risposta realistica alle famiglie e ai loro figli.<\/p>\n<p>Per questo il primo aprile durante l\u2019evento Euritmie di Verona si \u00e8 costituito il \u201c<strong>Coordinamento Autismo Veneto<\/strong>\u201d che comprende una ventina di Associazioni di tutto il Veneto che opera per attuare una pressione costante sulla Regione Veneto affinch\u00e9 attui le politiche necessarie alle nostre famiglie.<\/p>\n<p><em>\u00a0<\/em><em><strong>&#8220;GRUPPO PROVINCIALE PER L\u2019AUTISMO DI VICENZA<\/strong><\/em><\/p>\n<p><em>Il Centro per l\u2019autismo a Vicenza, in Via Ugo Foscolo, 52 a Vicenza \u00e8, al contempo, un progetto, una sede, un centro studi con l\u2019obiettivo di favorire la <strong>\u201cmessa in rete\u201d<\/strong> di programmi, progetti, iniziative per l\u2019autismo, perch\u00e9 venga pensata ed adottata, dalle Aziende ULSS e dalla Regione Veneto, una politica unica nei confronti della disabilit\u00e0 grave ed in particolare dell\u2019autismo.<\/em><\/p>\n<p><em>Il Gruppo provinciale per l&#8217;autismo \u00e8 un gruppo tecnico interistituzionale e interprofessionale, voluto e coordinato dalla <strong>Fondazione Brunello<\/strong> fin dal novembre 2007, ed \u00e8 composto da specialisti ed operatori dei Servizi degli enti pubblici e privati (Servizi di NPI \/ disabilit\u00e0 delle quattro Aziende Ulss, Presidio Riabilitativo \u201cLa Nostra Famiglia\u201d e Centro rieducativo \u201cVilla Maria\u201d di Vigardolo), dall\u2019Universit\u00e0 degli Studi di Verona, dalla Scuola e dalle Associazioni dei genitori (Autismo Triveneto Onlus e Angsa Veneto Onlus).<\/em><\/p>\n<p><em>E\u2019 riconosciuto come un gruppo tecnico, che gode della supervisione della dott.ssa Anna Maria Dalla Vecchia, NPI, gi\u00e0 primario dell\u2019AUSL di Reggio Emilia.<\/em><\/p>\n<p><em>\u00a0<\/em><em><strong>Sintesi del lavoro svolto per l\u2019autismo nella provincia di Vicenza nel 2016<\/strong><\/em><\/p>\n<p><em>Il Gruppo provinciale per l\u2019autismo continua ad operare, attraverso <strong>incontri mensili<\/strong> dei responsabili dei Servizi di NPI e Disabilit\u00e0 delle Aziende ULSS e delle Agenzie private accreditate, dei rappresentanti delle Associazioni dei Genitori, dello Sportello provinciale per l\u2019autismo dell\u2019U.S.P., dei rappresentanti di alcuni Centri diurni (C.D.) della provincia di Vicenza ed ha attuato:<\/em><\/p>\n<ul>\n<li><em>La rilevazione epidemiologica per l\u2019anno 2014per i soggetti da 0-18 anni (consegnata ai Direttori Servizi Sociali delle ULSS);<\/em><\/li>\n<li><em>il censimento dei C.D. e Residenziali per disabili- rilevazione di persone con diagnosi di ASD in tutta la provincia di Vicenza, per poter iniziare una rilevazione epidemiologica anche delle persone adulte e definire interventi formativi;<\/em><\/li>\n<li><em>la formazione sulla diagnosi e modalit\u00e0 di intervento nella Sindrome di Asperger e seminario scientifico condotto dalla dott.ssa Isabelle Henault di Montreal.<\/em><\/li>\n<\/ul>\n<p><em>Da parte sua, la Fondazione Brunello ha proseguito nei percorsi formativi rivolti a:<\/em><\/p>\n<ul>\n<li><em>Insegnanti e OSS delle Scuole della provincia di Vicenza, con due corsi di formazione in autismo, in particolare su &#8220;<strong>Organizzazione e strutturazione nell&#8217;intervento psico educativo<\/strong>&#8221; e &#8220;<strong>Abilit\u00e0 Sociali<\/strong>&#8220;;<\/em><\/li>\n<li><em>Educatori professionali e OSS dei Centri diurni e residenziali per disabili, a prosecuzione del percorso iniziato nel 2010\/2011;<\/em><\/li>\n<li><em>Programmazione della formazione di educatori professionali e psicologi dei Centri diurni e Comunit\u00e0 residenziali sui \u201c<strong>test criteriali EFI \u2013VPI e sul test STA-DI per la valutazione e per gli interventi nei confronti di persone disabili che presentano tratti autistici<\/strong>\u201d (febbraio-aprile 2015);<\/em><\/li>\n<li><em>Collaborazione con l\u2019Associazione <strong>Nuoto Pinnato<\/strong> di Vicenza;<\/em><\/li>\n<\/ul>\n<p><em>Biblioteca: incremento volumi e tesi di laurea, consulenza tecnica agli utenti, divulgazione.<\/em><\/p>\n<p><em>Gli incontri del gruppo di lavoro per l\u2019autismo hanno avuto una cadenza mensile.<\/em><\/p>\n<p><em>\u00a0<\/em><em><strong>GIORNATA MONDIALE DELLA CONSAPEVOLEZZA AUTISMO<\/strong><\/em><\/p>\n<p><em>Dall\u20191al 3 aprile si sono tenuti molti eventi di carattere scientifico, culturale, artistico intorno al mondo dell\u2019autismo che hanno caratterizzato la manifestazione \u201cVENETO IN BLU\u201d.<\/em><\/p>\n<p><em><strong>\u00a0<\/strong><\/em><em><strong>EVENTI REGIONALI<\/strong><\/em><\/p>\n<ul>\n<li><em>1 aprile <strong>EURITMIE Verona, <\/strong>un evento che \u00e8 alla sua terza edizione e ha l\u2019obiettivo di creare un polo eclettico di interesse scientifico, culturale e artistico e di realizzare eventi ogni anno in una provincia diversa del Veneto.<\/em><\/li>\n<\/ul>\n<ul>\n<li><em>2 aprile a Padova Autismo in Blu un <strong>arcobaleno di storie immagini e musica<\/strong><\/em><\/li>\n<li><em>2 aprile l\u2019associazione Aiutismo centro commerciale Le Centurie di San Giorgio delle Pertiche (PD),<\/em><\/li>\n<li><em>3 aprile a Mirano (VE)Autismo in Blu un <strong>arcobaleno di storie immagini e musica<\/strong>,<\/em><\/li>\n<li><em>2 aprile a Roncade (TV) Eventi in collaborazione con Angsa Treviso e Comitati genitori di Roncade,<\/em><\/li>\n<li><em>22 marzo \u201cSala Tintoretto\u201d \u2013 <strong>Corro con te<\/strong> spettacolo Roncade,<\/em><\/li>\n<li><em>1 aprile Letture a tema in classe Scuole di infanzia Primaria e Secondaria 1\u00b0Grado Monastier dell\u2019istituto Comprensivo di Roncade (per soli studenti),<\/em><\/li>\n<li><em>2 aprile Letture a tema in classe Scuola Secondaria 1\u00b0 Grado di Roncade Letture animate a cura degli \u201c<strong>Amici di Elmer<\/strong>\u201d<\/em><\/li>\n<li><em>2 aprile \u201cCAMMINATA IN BLU\u201d ritrovo partecipanti ore 14, 30 invitata tutta la cittadinanza,<\/em><\/li>\n<li><em>3 aprile a Treviso Concerto di Solidariet\u00e0 <strong>SoulSingersGospelChoir<\/strong> a favore di Angsa Treviso onlus al Teatro Embassy.<\/em><\/li>\n<\/ul>\n<p><em>\u00a0<\/em><em><strong>EVENTI NAZIONALI<\/strong><\/em><\/p>\n<ul>\n<li><em>30 marzo Palazzo del Quirinale alla presenza del Presidente della Repubblica <strong>Sergio Mattarella<\/strong>, la celebrazione della Giornata Nazionale delle persone con disabilit\u00e0 intellettiva.<\/em><\/li>\n<\/ul>\n<p><em>La Giornata, organizzata dalla stessa Presidenza della Repubblica in collaborazione con le Federazioni maggiormente rappresentative a livello nazionale delle disabilit\u00e0 intellettive <strong>Fish<\/strong>\u00a0 (Federazione Italiana Superamento Handicap) e <strong>Fand<\/strong> (Federazione tra le Associazioni Nazionali delle Persone con Disabilit\u00e0) e con le Associazioni <strong>Anffas<\/strong> Onlus (Associazione Nazionale Famiglie di Persone con Disabilit\u00e0 Intellettiva e\/o Relazionale), <strong>Angsa<\/strong> Onlus (Associazione Nazionale Genitori Soggetti Autistici) ed <strong>AIPD<\/strong> Onlus (Associazione Nazionale Persone Down), ha avuto lo scopo di accendere i riflettori sulle condizioni di vita, le opportunit\u00e0 ed i diritti, ma anche le discriminazioni, che riguardano nel nostro Paese oltre 2 milioni di persone, ancora troppo spesso relegate all\u2019invisibilit\u00e0.<\/em><\/p>\n<p><em>Le urgenze da garantire, in tale contesto, sono:<\/em><\/p>\n<ul>\n<li><em><strong> Dare piena e concreta attuazione della convenzione ONU,<\/strong><\/em><\/li>\n<li><em><strong> Una maggiore attenzione alle politiche di inclusione e pari opportunit\u00e0,<\/strong><\/em><\/li>\n<li><em><strong> Rendere praticabili i progetti di vita delle persone,<\/strong><\/em><\/li>\n<li><em><strong> Dopo di noi e durante noi: con risorse e norme coerenti,<\/strong><\/em><\/li>\n<li><em><strong> Livelli essenziali di assistenza per i disturbi dello spettro autistico,<\/strong><\/em><\/li>\n<li><em><strong> Qualit\u00e0 dell\u2019inclusione scolastica,<\/strong><\/em><\/li>\n<li><em><strong> Inclusione lavorativa e promozione dell\u2019occupabilit\u00e0.<\/strong><\/em><\/li>\n<\/ul>\n<p><em><strong>\u00a0<\/strong><\/em><em>Angsa Nazionale ha realizzato e distribuito a tutte le Sedi Angsa \u201c<strong>Obiettivo autismo<\/strong>\u201d con le iniziative Angsa, le attivit\u00e0 dell\u2019associazione, e indicazioni utili per conoscere i diritti delle persone con autismo.<\/em><\/p>\n<p><em>A Roma la Presidente <strong>Laura Boldrini<\/strong> ha acceso le luci blu nella serata del 1\u00b0 Aprile illuminando la <\/em><a href=\"http:\/\/www.angsalazio.org\/palazzo-montecitorio-si-tingera-di-blu\/\"><em>facciata del Parlamento<\/em><\/a><em>. <\/em><\/p>\n<p><em>La Fondazione Italiana Ricerca per l\u2019Autismo e ANGSA\u00a0ha contribuito a una settimana di intensa sensibilizzazione per l\u2019autismo. Ha avviato una <strong>campagna solidale SMS<\/strong>. Il ricavato delle offerte pervenute tramite numero solidale e altre donazioni in occasione della settimana del 2 Aprile 2016, pari a <strong>294.530,00 Euro<\/strong>, ha permesso di finanziare tre progetti precedentemente validati dai Comitati Scientifici di FIA: <strong>Telefono Blu per l\u2019Autismo 800031819<\/strong> e due progetti diretti <strong>dall\u2019Istituto Superiore di Sanit\u00e0<\/strong>. Il primo di tali progetti ha il titolo \u201c<strong>NIDA: Network Italiano per il riconoscimento precoce dei Disturbi dello Spettro Autistico: metodi non invasivi per la sorveglianza di popolazioni a rischio<\/strong>\u201d. Obiettivo del progetto \u00e8 individuare e sperimentare procedure specifiche per lo screening e la diagnosi precoce dei minori a rischio gi\u00e0 a partire dai primi mesi di vita (OMICI). Il secondo progetto \u00e8 la creazione di un <strong>Registro pilota di patologia per i disturbi di spettro autistico<\/strong> che permetter\u00e0 il monitoraggio dei disturbi a livello di popolazione e potr\u00e0 avere una ricaduta importante in termini di salute pubblica, consentendo la valutazione dell\u2019impatto che patologie complesse, quali l\u2019autismo, hanno sui sistemi organizzativi della presa in carico, come il sistema sanitario e sociosanitario.<\/em><\/p>\n<p><em><strong>Collaborazioni<\/strong><\/em><\/p>\n<p><em>Continua la collaborazione con lo <strong>Sportello Autismo della Provincia di Vicenza<\/strong> insieme alle Istituzioni scolastiche e alle Insegnanti che hanno a cuore il nostro problema.<\/em><\/p>\n<p><em>Collaborazione costante con le associazioni del territorio e nazionali: Associazioni Angsa Nazionale, Abaut, Aiutismo, Agsav Venezia, Angsa Treviso, Angsa Veneto, Angsa Verona, Angsa Venezia, Angsa Vicenza, Ants, Autismo Treviso, Autismo Triveneto, Autismi Verona, Chofagra, Gruppo Asperger Veneto, Gruppo Autismo Belluno, In viaggio con te, Wisteria blue, Viviautismo, Sguardi di luce, e FISH Veneto.<\/em><\/p>\n<p><em>\u00a0<\/em><em>Tutta l\u2019attivit\u00e0 che abbiamo sinteticamente illustrato \u00e8 stata possibile grazie all\u2019impegno dei nostri sostenitori che riportiamo in ordine alfabetico e pubblicamente ringraziamo:<\/em><\/p>\n<ul>\n<li><em><strong>Aluk Group SRL,<\/strong><\/em><\/li>\n<li><em><strong>Azienda Ospedaliera Universitaria Integrata di Verona, ULSS 12, <\/strong><\/em><\/li>\n<li><em><strong>Centro Servizi Volontariato di Vicenza,<\/strong><\/em><\/li>\n<li><em><strong>Club Rotary Castelli Bassano Del Grappa,<\/strong><\/em><\/li>\n<li><em><strong>Comune di Bassano Del Grappa<\/strong><\/em><\/li>\n<li><em><strong>Comune di Nove,<\/strong><\/em><\/li>\n<li><em><strong>Conferenza dei Sindaci di Bassano Del Grappa,<\/strong><\/em><\/li>\n<li><em><strong>Fondazione Brunello ONLUS Progetti per anziani e minori attivamente partecipe nei Progetti di partenariato e Coordinatrice del Gruppo di lavoro per l\u2019Autismo di Vicenza.<\/strong><\/em><\/li>\n<li><em><strong>Gocce di Brenta service inter club,<\/strong><\/em><\/li>\n<li><em><strong>Henkel Italia,<\/strong><\/em><\/li>\n<li><em><strong>Miur Veneto,<\/strong><\/em><\/li>\n<li><em><strong>Regione Veneto, <\/strong><\/em><\/li>\n<li><em><strong>Studio Remo Facchinello,<\/strong><\/em><\/li>\n<li><em><strong>ULSS 7 Pedemontana<\/strong><\/em><\/li>\n<li><em><strong>Vespatour 2016.<\/strong><\/em><\/li>\n<\/ul>\n<p><em>Inoltre: <\/em><\/p>\n<p><em>Un sentito ringraziamento va anche a tutti i volontari che prestano servizio con impegno e dedizione e a tutti coloro che con consigli e suggerimenti ottimizzano l\u2019opera dell\u2019Associazione Angsa.<\/em><\/p>\n<p><em>Ros\u00e0 30 Marzo 2017 \u00a0\u00a0\u00a0\u00a0\u00a0\u00a0\u00a0\u00a0\u00a0\u00a0\u00a0\u00a0\u00a0\u00a0\u00a0\u00a0\u00a0\u00a0\u00a0\u00a0\u00a0\u00a0\u00a0\u00a0\u00a0\u00a0\u00a0\u00a0\u00a0\u00a0\u00a0\u00a0\u00a0\u00a0\u00a0\u00a0 \u00a0\u00a0\u00a0\u00a0\u00a0\u00a0\u00a0\u00a0\u00a0\u00a0\u00a0\u00a0\u00a0\u00a0\u00a0\u00a0\u00a0\u00a0\u00a0\u00a0\u00a0\u00a0\u00a0\u00a0\u00a0\u00a0\u00a0\u00a0\u00a0\u00a0\u00a0\u00a0\u00a0\u00a0 Sonia Zen<\/em><\/p>\n<p><em>\u00a0<\/em><em>Relazione attivit\u00e0 approvata nell\u2019Assemblea Ordinaria Angsa Veneto\u00a0 del\u00a0 28 aprile 2017\u00a0 a Bassano Del Grappa (VI)\u00a0 presso Sala Angarano.<\/em><\/p>\n<p>Relazione in PDF<\/p>\n<p>[pdf-embedder url=&#8221;http:\/\/veneto.angsa.it\/wp-content\/uploads\/sites\/4\/2017\/08\/relazione-attivit\u00e0-2016-angsa-veneto-doc-2529.pdf&#8221; title=&#8221;relazione- attivit\u00e0-2016-angsa-veneto doc [2529]&#8221;]<\/p>\n","protected":false},"excerpt":{"rendered":"<p>L\u2019attivit\u00e0 dell\u2019Associazione Angsa \u00e8 da sempre imperniata sia nel sostegno delle persone con autismo e con disturbi pervasivi dello sviluppo sia delle loro famiglie. Una delle principali attivit\u00e0 dell\u2019Angsa consiste ancora nel contrastare le vecchie, false e devastanti ipotesi sull&#8217;origine psicogenetica dell&#8217;autismo e i conseguenti inutili interventi psicoterapeutici, purtroppo ancora in atto in alcune zone [&hellip;]<\/p>\n","protected":false},"author":1,"featured_media":0,"comment_status":"open","ping_status":"closed","sticky":false,"template":"","format":"standard","meta":{"site-sidebar-layout":"default","site-content-layout":"","ast-site-content-layout":"default","site-content-style":"default","site-sidebar-style":"default","ast-global-header-display":"","ast-banner-title-visibility":"","ast-main-header-display":"","ast-hfb-above-header-display":"","ast-hfb-below-header-display":"","ast-hfb-mobile-header-display":"","site-post-title":"","ast-breadcrumbs-content":"","ast-featured-img":"","footer-sml-layout":"","ast-disable-related-posts":"","theme-transparent-header-meta":"","adv-header-id-meta":"","stick-header-meta":"","header-above-stick-meta":"","header-main-stick-meta":"","header-below-stick-meta":"","astra-migrate-meta-layouts":"default","ast-page-background-enabled":"default","ast-page-background-meta":{"desktop":{"background-color":"","background-image":"","background-repeat":"repeat","background-position":"center center","background-size":"auto","background-attachment":"scroll","background-type":"","background-media":"","overlay-type":"","overlay-color":"","overlay-opacity":"","overlay-gradient":""},"tablet":{"background-color":"","background-image":"","background-repeat":"repeat","background-position":"center center","background-size":"auto","background-attachment":"scroll","background-type":"","background-media":"","overlay-type":"","overlay-color":"","overlay-opacity":"","overlay-gradient":""},"mobile":{"background-color":"","background-image":"","background-repeat":"repeat","background-position":"center center","background-size":"auto","background-attachment":"scroll","background-type":"","background-media":"","overlay-type":"","overlay-color":"","overlay-opacity":"","overlay-gradient":""}},"ast-content-background-meta":{"desktop":{"background-color":"var(--ast-global-color-5)","background-image":"","background-repeat":"repeat","background-position":"center center","background-size":"auto","background-attachment":"scroll","background-type":"","background-media":"","overlay-type":"","overlay-color":"","overlay-opacity":"","overlay-gradient":""},"tablet":{"background-color":"var(--ast-global-color-5)","background-image":"","background-repeat":"repeat","background-position":"center center","background-size":"auto","background-attachment":"scroll","background-type":"","background-media":"","overlay-type":"","overlay-color":"","overlay-opacity":"","overlay-gradient":""},"mobile":{"background-color":"var(--ast-global-color-5)","background-image":"","background-repeat":"repeat","background-position":"center center","background-size":"auto","background-attachment":"scroll","background-type":"","background-media":"","overlay-type":"","overlay-color":"","overlay-opacity":"","overlay-gradient":""}},"footnotes":""},"categories":[9],"tags":[29,81,102,112,548,677],"class_list":["post-4327","post","type-post","status-publish","format-standard","hentry","category-progetti","tag-29","tag-angsa","tag-attivita","tag-autismo","tag-relazione","tag-veneto"],"jetpack_featured_media_url":"","_links":{"self":[{"href":"https:\/\/angsaveneto.it\/index.php?rest_route=\/wp\/v2\/posts\/4327","targetHints":{"allow":["GET"]}}],"collection":[{"href":"https:\/\/angsaveneto.it\/index.php?rest_route=\/wp\/v2\/posts"}],"about":[{"href":"https:\/\/angsaveneto.it\/index.php?rest_route=\/wp\/v2\/types\/post"}],"author":[{"embeddable":true,"href":"https:\/\/angsaveneto.it\/index.php?rest_route=\/wp\/v2\/users\/1"}],"replies":[{"embeddable":true,"href":"https:\/\/angsaveneto.it\/index.php?rest_route=%2Fwp%2Fv2%2Fcomments&post=4327"}],"version-history":[{"count":0,"href":"https:\/\/angsaveneto.it\/index.php?rest_route=\/wp\/v2\/posts\/4327\/revisions"}],"wp:attachment":[{"href":"https:\/\/angsaveneto.it\/index.php?rest_route=%2Fwp%2Fv2%2Fmedia&parent=4327"}],"wp:term":[{"taxonomy":"category","embeddable":true,"href":"https:\/\/angsaveneto.it\/index.php?rest_route=%2Fwp%2Fv2%2Fcategories&post=4327"},{"taxonomy":"post_tag","embeddable":true,"href":"https:\/\/angsaveneto.it\/index.php?rest_route=%2Fwp%2Fv2%2Ftags&post=4327"}],"curies":[{"name":"wp","href":"https:\/\/api.w.org\/{rel}","templated":true}]}}