{"id":4289,"date":"2017-08-03T12:04:33","date_gmt":"2017-08-03T10:04:33","guid":{"rendered":"http:\/\/veneto.angsa.it\/?p=4289"},"modified":"2017-08-03T12:04:33","modified_gmt":"2017-08-03T10:04:33","slug":"estate-tra-sport-e-giochi-anche-per-i-bambini-e-ragazzi-con-autismo","status":"publish","type":"post","link":"https:\/\/angsaveneto.it\/?p=4289","title":{"rendered":"Estate tra sport e giochi anche per i bambini e ragazzi con autismo"},"content":{"rendered":"<p>Bassano del Grappa \u00e8 la prima citt\u00e0 in Veneto a godere della possibilit\u00e0 di un centro estivo interamente dedicato ai ragazzi con autismo e disturbi generalizzati dello sviluppo che, come scopo principale, vuole regalare loro la possibilit\u00e0 di un\u2019estate radiosa e spensierata.<\/p>\n<p>&lt;&lt;Nel nostro territorio non ci sono mai stati servizi specifici per bambini e ragazzi con diagnosi di disturbi dello spettro autistico \u2013 spiega Sonia Zen, presidentessa di Angsa Veneto -. Questo \u00e8 il terzo anno consecutivo che viene offerta alle famiglie questa bellissima opportunit\u00e0. Il periodo estivo \u00e8 un momento molto difficile poich\u00e9 le famiglie devono organizzarsi e spesso risulta davvero frustante non poter contare su proposte specifiche per le persone affette da questa patologie&gt;&gt;.<\/p>\n<p>Il 2017 ha portato con s\u00e9 moltissime novit\u00e0 per quel che riguarda il ventaglio di attivit\u00e0 che vengono proposte ai ragazzi. Infatti, se negli anni scorsi potevano trascorrere le loro giornate in piscina o a contatto con la natura in fattoria, quest\u2019anno, grazie alle donazioni e al supporto benefico offerto ad Angsa Veneto e Anfass Bassano del Grappa dai privati, questi giovincelli possono addirittura cimentarsi in alcuni sport, seguiti dall\u2019occhio preparato di alcuni professionisti.<\/p>\n<p>&lt;&lt;Quest\u2019anno\u201d MBA minibasket association \u00e8 il nome dell&#8217;associazione che gestisce \u00a0il centro estivo del patronato e che ha messo a disposizione un istruttore esperto in \u201cBaskin\u201d, una forma alternativa di basket che offre ai ragazzi la possibilit\u00e0 di approcciare, secondo le loro possibilit\u00e0, questa disciplina \u2013 prosegue Sonia Zen -. Alla capacit\u00e0 ricreativa dello sport tuttavia va aggiunto un altro fattore molto importante. I ragazzi del nostro centro estivo, infatti, quest\u2019anno, si stanno confrontando con i giovanotti del Patronato della Trinit\u00e0, in questo modo vengono invitati a delle esperienze di tipo integrativo che promuovono il confronto costruttivo tra persone con diversi tipi di disabilit\u00e0&gt;&gt;.<\/p>\n<p>Infatti, il centro estivo promosso da Angsa e Anfass trova la sua culla all\u2019interno del patronato della Santissima Trinit\u00e0, a due passi dal centro storico e, inoltre, \u00e8 aperto anche a coloro che non risiedono a Bassano.<\/p>\n<p>&lt;&lt;E\u2019 molto importante che continuino ad arrivare fondi utili a gestire progetti di questo tipo \u2013 conclude Sonia Zen -. Noi abbiamo appena ricevuto 7500 euro in dono dall\u2019iniziativa \u201cGocce di Brenta\u201d. Non c\u2019\u00e8 nulla di pi\u00f9 gratificante che vedere i sorrisi dei ragazzi che, quest\u2019anno pi\u00f9 che mai, stanno vivendo un\u2019estate all\u2019insegna dell&#8217;affiatamento e della serenit\u00e0&gt;&gt;.<\/p>\n<p>Barbara Cenere<\/p>\n<table>\n<tbody>\n<tr>\n<td width=\"41\"><\/td>\n<td width=\"603\"><div id='gallery-1' class='gallery galleryid-4289 gallery-columns-3 gallery-size-thumbnail'><figure class='gallery-item'>\n\t\t\t<div class='gallery-icon landscape'>\n\t\t\t\t<a href='https:\/\/angsaveneto.it\/?attachment_id=4290'><img decoding=\"async\" width=\"150\" height=\"150\" src=\"https:\/\/angsaveneto.it\/wp-content\/uploads\/2017\/08\/baskin-150x150.jpg\" class=\"attachment-thumbnail size-thumbnail\" alt=\"\" aria-describedby=\"gallery-1-4290\" \/><\/a>\n\t\t\t<\/div>\n\t\t\t\t<figcaption class='wp-caption-text gallery-caption' id='gallery-1-4290'>\n\t\t\t\tBaskin per tutti\n\t\t\t\t<\/figcaption><\/figure><figure class='gallery-item'>\n\t\t\t<div class='gallery-icon portrait'>\n\t\t\t\t<a href='https:\/\/angsaveneto.it\/?attachment_id=4291'><img decoding=\"async\" width=\"150\" height=\"150\" src=\"https:\/\/angsaveneto.it\/wp-content\/uploads\/2017\/08\/fattoria-1-150x150.jpg\" class=\"attachment-thumbnail size-thumbnail\" alt=\"\" aria-describedby=\"gallery-1-4291\" \/><\/a>\n\t\t\t<\/div>\n\t\t\t\t<figcaption class='wp-caption-text gallery-caption' id='gallery-1-4291'>\n\t\t\t\talla Fattoria\n\t\t\t\t<\/figcaption><\/figure><figure class='gallery-item'>\n\t\t\t<div class='gallery-icon landscape'>\n\t\t\t\t<a href='https:\/\/angsaveneto.it\/?attachment_id=4292'><img decoding=\"async\" width=\"150\" height=\"150\" src=\"https:\/\/angsaveneto.it\/wp-content\/uploads\/2017\/08\/piscina-150x150.jpg\" class=\"attachment-thumbnail size-thumbnail\" alt=\"\" aria-describedby=\"gallery-1-4292\" \/><\/a>\n\t\t\t<\/div>\n\t\t\t\t<figcaption class='wp-caption-text gallery-caption' id='gallery-1-4292'>\n\t\t\t\tin piscina\n\t\t\t\t<\/figcaption><\/figure><figure class='gallery-item'>\n\t\t\t<div class='gallery-icon landscape'>\n\t\t\t\t<a href='https:\/\/angsaveneto.it\/?attachment_id=4293'><img loading=\"lazy\" decoding=\"async\" width=\"150\" height=\"150\" src=\"https:\/\/angsaveneto.it\/wp-content\/uploads\/2017\/08\/lavaggio-auto-150x150.jpg\" class=\"attachment-thumbnail size-thumbnail\" alt=\"\" aria-describedby=\"gallery-1-4293\" \/><\/a>\n\t\t\t<\/div>\n\t\t\t\t<figcaption class='wp-caption-text gallery-caption' id='gallery-1-4293'>\n\t\t\t\timparo a lavare auto\n\t\t\t\t<\/figcaption><\/figure>\n\t\t<\/div>\n<\/td>\n<\/tr>\n<\/tbody>\n<\/table>\n<p>&nbsp;<\/p>\n","protected":false},"excerpt":{"rendered":"<p>Bassano del Grappa \u00e8 la prima citt\u00e0 in Veneto a godere della possibilit\u00e0 di un centro estivo interamente dedicato ai ragazzi con autismo e disturbi generalizzati dello sviluppo che, come scopo principale, vuole regalare loro la possibilit\u00e0 di un\u2019estate radiosa e spensierata. &lt;&lt;Nel nostro territorio non ci sono mai stati servizi specifici per bambini e [&hellip;]<\/p>\n","protected":false},"author":1,"featured_media":4294,"comment_status":"open","ping_status":"closed","sticky":false,"template":"","format":"standard","meta":{"site-sidebar-layout":"default","site-content-layout":"","ast-site-content-layout":"default","site-content-style":"default","site-sidebar-style":"default","ast-global-header-display":"","ast-banner-title-visibility":"","ast-main-header-display":"","ast-hfb-above-header-display":"","ast-hfb-below-header-display":"","ast-hfb-mobile-header-display":"","site-post-title":"","ast-breadcrumbs-content":"","ast-featured-img":"","footer-sml-layout":"","ast-disable-related-posts":"","theme-transparent-header-meta":"","adv-header-id-meta":"","stick-header-meta":"","header-above-stick-meta":"","header-main-stick-meta":"","header-below-stick-meta":"","astra-migrate-meta-layouts":"default","ast-page-background-enabled":"default","ast-page-background-meta":{"desktop":{"background-color":"","background-image":"","background-repeat":"repeat","background-position":"center center","background-size":"auto","background-attachment":"scroll","background-type":"","background-media":"","overlay-type":"","overlay-color":"","overlay-opacity":"","overlay-gradient":""},"tablet":{"background-color":"","background-image":"","background-repeat":"repeat","background-position":"center center","background-size":"auto","background-attachment":"scroll","background-type":"","background-media":"","overlay-type":"","overlay-color":"","overlay-opacity":"","overlay-gradient":""},"mobile":{"background-color":"","background-image":"","background-repeat":"repeat","background-position":"center center","background-size":"auto","background-attachment":"scroll","background-type":"","background-media":"","overlay-type":"","overlay-color":"","overlay-opacity":"","overlay-gradient":""}},"ast-content-background-meta":{"desktop":{"background-color":"var(--ast-global-color-5)","background-image":"","background-repeat":"repeat","background-position":"center center","background-size":"auto","background-attachment":"scroll","background-type":"","background-media":"","overlay-type":"","overlay-color":"","overlay-opacity":"","overlay-gradient":""},"tablet":{"background-color":"var(--ast-global-color-5)","background-image":"","background-repeat":"repeat","background-position":"center center","background-size":"auto","background-attachment":"scroll","background-type":"","background-media":"","overlay-type":"","overlay-color":"","overlay-opacity":"","overlay-gradient":""},"mobile":{"background-color":"var(--ast-global-color-5)","background-image":"","background-repeat":"repeat","background-position":"center center","background-size":"auto","background-attachment":"scroll","background-type":"","background-media":"","overlay-type":"","overlay-color":"","overlay-opacity":"","overlay-gradient":""}},"footnotes":""},"categories":[8],"tags":[79,81,112,130,180,279,658],"class_list":["post-4289","post","type-post","status-publish","format-standard","has-post-thumbnail","hentry","category-news","tag-anffas","tag-angsa","tag-autismo","tag-bassano","tag-centro","tag-estivo","tag-ulss7"],"jetpack_featured_media_url":"https:\/\/angsaveneto.it\/wp-content\/uploads\/2017\/08\/piantine.jpg","_links":{"self":[{"href":"https:\/\/angsaveneto.it\/index.php?rest_route=\/wp\/v2\/posts\/4289","targetHints":{"allow":["GET"]}}],"collection":[{"href":"https:\/\/angsaveneto.it\/index.php?rest_route=\/wp\/v2\/posts"}],"about":[{"href":"https:\/\/angsaveneto.it\/index.php?rest_route=\/wp\/v2\/types\/post"}],"author":[{"embeddable":true,"href":"https:\/\/angsaveneto.it\/index.php?rest_route=\/wp\/v2\/users\/1"}],"replies":[{"embeddable":true,"href":"https:\/\/angsaveneto.it\/index.php?rest_route=%2Fwp%2Fv2%2Fcomments&post=4289"}],"version-history":[{"count":0,"href":"https:\/\/angsaveneto.it\/index.php?rest_route=\/wp\/v2\/posts\/4289\/revisions"}],"wp:featuredmedia":[{"embeddable":true,"href":"https:\/\/angsaveneto.it\/index.php?rest_route=\/wp\/v2\/media\/4294"}],"wp:attachment":[{"href":"https:\/\/angsaveneto.it\/index.php?rest_route=%2Fwp%2Fv2%2Fmedia&parent=4289"}],"wp:term":[{"taxonomy":"category","embeddable":true,"href":"https:\/\/angsaveneto.it\/index.php?rest_route=%2Fwp%2Fv2%2Fcategories&post=4289"},{"taxonomy":"post_tag","embeddable":true,"href":"https:\/\/angsaveneto.it\/index.php?rest_route=%2Fwp%2Fv2%2Ftags&post=4289"}],"curies":[{"name":"wp","href":"https:\/\/api.w.org\/{rel}","templated":true}]}}