{"id":4021,"date":"2017-02-18T08:00:39","date_gmt":"2017-02-18T08:00:39","guid":{"rendered":"http:\/\/www.angsavenetoonlus.org\/?p=4021"},"modified":"2017-02-18T08:00:39","modified_gmt":"2017-02-18T08:00:39","slug":"convegno-insieme-per-la-phelan-e-lautismo","status":"publish","type":"post","link":"https:\/\/angsaveneto.it\/?p=4021","title":{"rendered":"Convegno \u201cInsieme per la Phelan e l\u2019autismo\u201d"},"content":{"rendered":"<p>18-19 febbraio:Symp\u00f2 ex chiesa di Via delle Lame a Bologna<\/p>\n<p>Nel mondo milioni di persone sono affette da patologie genetiche rare e la ricerca scientifica avanza con i suoi tempi combattendo costantemente con le risorse economiche spesso non sufficienti. Garantire risposte ai genitori in attesa di conoscere il percorso da seguire per regalare un futuro dignitoso al proprio figlio non \u00e8 facile ed \u00e8 proprio \u201cla fame di sapere\u201d che ha spinto due associazioni, l\u2019 ANGSA Bologna, associazione dei genitori di persone con autismo, guidata dalla Presidente Marialba Corona e L\u2019Abbraccio di Uma-Onlus guidata dalla Presidente Stella Di Domenico, a farsi promotori di un convegno: \u201cInsieme per la Phelan e l\u2019autismo\u201d. L\u2019Abbraccio di Uma \u00e9 una associazione specifica per la sindrome di Phelan Mc Dermid e questa patologia pu\u00f2 a tutti gli effetti essere annoverata fra le sindromi autistiche.Per entrambe la speranza di una possibile e vicina \u201ccura\u201d ma anche la volont\u00e0 di riunire grandi Genetisti e Clinici per fare un il punto della situazione, per dare la possibilit\u00e0 alle famiglie di poter ascoltare le novit\u00e0 e sviluppare anche un discorso riabilitativo ad hoc.Un Convegno di grande importanza che toccher\u00e0 tutti gli aspetti legati alla Phelan McDermid e all\u2019autismo sui quali relazioneranno Genetisti, Clinici, ricercatori e Terapisti di grande fama, tra cui: la biologa e ricercatrice MARIA CLARA BONAGLIA responsabile dell\u2019unit\u00e0 di ricerca dell\u2019Istituto Scientifico E.Medea di Bosisio Parini (LC) che interverr\u00e0 con \u201cLa storia di Uma: un paradigma della complessit\u00e0 genomica \u201d ; Il Professor Pierluigi Politi, Professore di Psichiatria dell\u2019Universit\u00e0 degli Studi di Pavia; La Dottoressa Orsetta Zuffardi Professore di Genetica Medica e Biologia presso Universit\u00e0 degli Studi di Pavia ; La dottoressa Livia Garavelli Responsabile di Struttura Semplice Dipartimentale dell\u2019Arcispedale Santa Maria Nuova di Reggio Emilia ; La dott.ssa Elena Maestrini docente di Genetica all\u2019Universit\u00e0 di Bologna ;la Dott.ssa Paola Visconti Responsabile Ambulatorio Disturbi Spettro Autistico, UOC Neuropsichiatria Infantile ISNB di Bologna<strong>;<\/strong>\u00a0La dottoressa Pamela Magini U.O. Genetica Medica Policlinico S.Orsola-Malpighi, Universit\u00e0 di Bologna; la prof.ssa Antonia Parmeggiani docente di Neuropsichiatria Infantile al Policlinico S. Orsola \u2013 Malpighi, Universit\u00e0 di Bologna ; La Dott.ssa Rita Di Sarro della Usl di Bologna ; La Dott.ssa Mariella Olla , Logopedista presso la Fondazione Santa Lucia IRCCS di Roma; La Dott.ssa Franca Rosa Guerini Biologo ricercatore presso la Fondazione Don Gnocchi ; Il Prof. Alberto Spalice Neurologo presso l\u2019 Umberto I Policlinico di Roma; La Dott.ssa Chiara Verpelli e il dott. Carlo Sala ricercatori presso il CNR di Milano. Con il patrocinio del Comune di Bologna e la partecipazione dell\u2019Associazione Couponlus che, con il suo Presidente Nicola Turrini, ha contribuito alla organizzazione dell\u2019evento, di Telethon, del Servizio Sanitario Regionale Emilia Romagna, dell\u2019Associazione Panificatori di Bologna e Provincia.<\/p>\n<p>Programma\u00a0http:\/\/www.autismo33.it\/autismo_edu\/bo_18_19_2_2017\/locandina.pdf<\/p>\n","protected":false},"excerpt":{"rendered":"<p>18-19 febbraio:Symp\u00f2 ex chiesa di Via delle Lame a Bologna Nel mondo milioni di persone sono affette da patologie genetiche rare e la ricerca scientifica avanza con i suoi tempi combattendo costantemente con le risorse economiche spesso non sufficienti. Garantire risposte ai genitori in attesa di conoscere il percorso da seguire per regalare un futuro [&hellip;]<\/p>\n","protected":false},"author":1,"featured_media":0,"comment_status":"closed","ping_status":"closed","sticky":false,"template":"","format":"standard","meta":{"site-sidebar-layout":"default","site-content-layout":"","ast-site-content-layout":"default","site-content-style":"default","site-sidebar-style":"default","ast-global-header-display":"","ast-banner-title-visibility":"","ast-main-header-display":"","ast-hfb-above-header-display":"","ast-hfb-below-header-display":"","ast-hfb-mobile-header-display":"","site-post-title":"","ast-breadcrumbs-content":"","ast-featured-img":"","footer-sml-layout":"","ast-disable-related-posts":"","theme-transparent-header-meta":"","adv-header-id-meta":"","stick-header-meta":"","header-above-stick-meta":"","header-main-stick-meta":"","header-below-stick-meta":"","astra-migrate-meta-layouts":"default","ast-page-background-enabled":"default","ast-page-background-meta":{"desktop":{"background-color":"","background-image":"","background-repeat":"repeat","background-position":"center center","background-size":"auto","background-attachment":"scroll","background-type":"","background-media":"","overlay-type":"","overlay-color":"","overlay-opacity":"","overlay-gradient":""},"tablet":{"background-color":"","background-image":"","background-repeat":"repeat","background-position":"center center","background-size":"auto","background-attachment":"scroll","background-type":"","background-media":"","overlay-type":"","overlay-color":"","overlay-opacity":"","overlay-gradient":""},"mobile":{"background-color":"","background-image":"","background-repeat":"repeat","background-position":"center center","background-size":"auto","background-attachment":"scroll","background-type":"","background-media":"","overlay-type":"","overlay-color":"","overlay-opacity":"","overlay-gradient":""}},"ast-content-background-meta":{"desktop":{"background-color":"var(--ast-global-color-5)","background-image":"","background-repeat":"repeat","background-position":"center center","background-size":"auto","background-attachment":"scroll","background-type":"","background-media":"","overlay-type":"","overlay-color":"","overlay-opacity":"","overlay-gradient":""},"tablet":{"background-color":"var(--ast-global-color-5)","background-image":"","background-repeat":"repeat","background-position":"center center","background-size":"auto","background-attachment":"scroll","background-type":"","background-media":"","overlay-type":"","overlay-color":"","overlay-opacity":"","overlay-gradient":""},"mobile":{"background-color":"var(--ast-global-color-5)","background-image":"","background-repeat":"repeat","background-position":"center center","background-size":"auto","background-attachment":"scroll","background-type":"","background-media":"","overlay-type":"","overlay-color":"","overlay-opacity":"","overlay-gradient":""}},"footnotes":""},"categories":[4,14],"tags":[],"class_list":["post-4021","post","type-post","status-publish","format-standard","hentry","category-eventi","category-senza-categoria"],"jetpack_featured_media_url":"","_links":{"self":[{"href":"https:\/\/angsaveneto.it\/index.php?rest_route=\/wp\/v2\/posts\/4021","targetHints":{"allow":["GET"]}}],"collection":[{"href":"https:\/\/angsaveneto.it\/index.php?rest_route=\/wp\/v2\/posts"}],"about":[{"href":"https:\/\/angsaveneto.it\/index.php?rest_route=\/wp\/v2\/types\/post"}],"author":[{"embeddable":true,"href":"https:\/\/angsaveneto.it\/index.php?rest_route=\/wp\/v2\/users\/1"}],"replies":[{"embeddable":true,"href":"https:\/\/angsaveneto.it\/index.php?rest_route=%2Fwp%2Fv2%2Fcomments&post=4021"}],"version-history":[{"count":0,"href":"https:\/\/angsaveneto.it\/index.php?rest_route=\/wp\/v2\/posts\/4021\/revisions"}],"wp:attachment":[{"href":"https:\/\/angsaveneto.it\/index.php?rest_route=%2Fwp%2Fv2%2Fmedia&parent=4021"}],"wp:term":[{"taxonomy":"category","embeddable":true,"href":"https:\/\/angsaveneto.it\/index.php?rest_route=%2Fwp%2Fv2%2Fcategories&post=4021"},{"taxonomy":"post_tag","embeddable":true,"href":"https:\/\/angsaveneto.it\/index.php?rest_route=%2Fwp%2Fv2%2Ftags&post=4021"}],"curies":[{"name":"wp","href":"https:\/\/api.w.org\/{rel}","templated":true}]}}