{"id":4016,"date":"2017-02-14T17:54:09","date_gmt":"2017-02-14T17:54:09","guid":{"rendered":"http:\/\/www.angsavenetoonlus.org\/?p=4016"},"modified":"2017-02-14T17:54:09","modified_gmt":"2017-02-14T17:54:09","slug":"intervista-a-benedetta-de-martis-nuova-presidente-nazionale-dellangsa","status":"publish","type":"post","link":"https:\/\/angsaveneto.it\/?p=4016","title":{"rendered":"Intervista a Benedetta De Martis, nuova presidente nazionale dell\u2019ANGSA"},"content":{"rendered":"<p class=\"post-byline\">BY <a title=\"Articoli scritti da: Redazione ANGSA\" href=\"http:\/\/angsa.it\/author\/angsa\/\" rel=\"author\">REDAZIONE ANGSA<\/a> \u00b7 13 FEBBRAIO 2017<\/p>\n<div class=\"clear\"><\/div>\n<div class=\"entry\">\n<div class=\"entry-inner\">\n<p>Appena eletta dall\u2019assemblea nazionale del 28 e 29 gennaio 2017, la nuova Presidente Benedetta Demartis \u00e8 stata intervistata dal sito <em>Per noi autistici<\/em>. Durante l<a href=\"http:\/\/www.pernoiautistici.com\/2017\/01\/sono-solo-un-genitore-che-porta-avanti-i-bisogni-e-denuncia-intervista-a-benedetta-de-martis-presidente-nazionale-dellangsa\/\" target=\"_blank\" rel=\"noopener\">\u2018intervista integrale<\/a>, intitolata\u00a0 \u201c<strong>Sono solo un genitore che porta avanti i bisogni e denuncia<\/strong>\u201d, Benedetta ha presentato i principali obiettivi dei prossimi mesi e lo spirito con cui affronter\u00e0 questo compito. \u201cLa volont\u00e0 e l\u2019entusiasmo\u201d di chi si propone di \u201cunire, allargare, lavorare insieme\u201d. Tra le risposte:<\/p>\n<blockquote><p>Gli obiettivi sono pi\u00f9 di uno. Parto dal pi\u00f9 immediato: rivedere il nostro statuto. E\u2019 obsoleto: la mancanza di indicazioni adeguate al contesto che \u00e8 cambiato rispetto agli anni in cui \u00e8 stato stilato ha portato spesso all\u2019impossibilit\u00e0 di gestire la conflittualit\u00e0 tra le diverse associazioni. Bisogna rendere tutto pi\u00f9 chiaro e fluido perch\u00e9 le cose da fare sono tante. Una delle pi\u00f9 importanti: fissare delle linee guida per gli autistici adulti soprattutto gravi. E\u2019 necessario per delineare bene i servizi adeguati che finora non lo sono stati perch\u00e9 non potevano contare nemmeno sulla forza del diritto che stabilisse per scritto come dovevano essere. I diritti degli autistici adulti spesso sembrano dettati dalle rette delle convenzioni, da qui dipende la qualit\u00e0 dei servizi. Sto riunendo i migliori specialisti per capire cosa si deve fare per una persona autistica dopo i 18 anni, per garantire una vita migliore. Metter\u00f2 intorno ad un tavolo di lavoro chi lo sta gi\u00e0 facendo gratuitamente, allargando ad altri per definire insieme le regole.\u201d<\/p><\/blockquote>\n<div class=\"video-container\">\n<\/div>\n<\/div>\n<\/div>\n","protected":false},"excerpt":{"rendered":"<p>BY REDAZIONE ANGSA \u00b7 13 FEBBRAIO 2017 Appena eletta dall\u2019assemblea nazionale del 28 e 29 gennaio 2017, la nuova Presidente Benedetta Demartis \u00e8 stata intervistata dal sito Per noi autistici. Durante l\u2018intervista integrale, intitolata\u00a0 \u201cSono solo un genitore che porta avanti i bisogni e denuncia\u201d, Benedetta ha presentato i principali obiettivi dei prossimi mesi e [&hellip;]<\/p>\n","protected":false},"author":1,"featured_media":0,"comment_status":"closed","ping_status":"closed","sticky":false,"template":"","format":"standard","meta":{"site-sidebar-layout":"default","site-content-layout":"","ast-site-content-layout":"default","site-content-style":"default","site-sidebar-style":"default","ast-global-header-display":"","ast-banner-title-visibility":"","ast-main-header-display":"","ast-hfb-above-header-display":"","ast-hfb-below-header-display":"","ast-hfb-mobile-header-display":"","site-post-title":"","ast-breadcrumbs-content":"","ast-featured-img":"","footer-sml-layout":"","ast-disable-related-posts":"","theme-transparent-header-meta":"","adv-header-id-meta":"","stick-header-meta":"","header-above-stick-meta":"","header-main-stick-meta":"","header-below-stick-meta":"","astra-migrate-meta-layouts":"default","ast-page-background-enabled":"default","ast-page-background-meta":{"desktop":{"background-color":"","background-image":"","background-repeat":"repeat","background-position":"center center","background-size":"auto","background-attachment":"scroll","background-type":"","background-media":"","overlay-type":"","overlay-color":"","overlay-opacity":"","overlay-gradient":""},"tablet":{"background-color":"","background-image":"","background-repeat":"repeat","background-position":"center center","background-size":"auto","background-attachment":"scroll","background-type":"","background-media":"","overlay-type":"","overlay-color":"","overlay-opacity":"","overlay-gradient":""},"mobile":{"background-color":"","background-image":"","background-repeat":"repeat","background-position":"center center","background-size":"auto","background-attachment":"scroll","background-type":"","background-media":"","overlay-type":"","overlay-color":"","overlay-opacity":"","overlay-gradient":""}},"ast-content-background-meta":{"desktop":{"background-color":"var(--ast-global-color-5)","background-image":"","background-repeat":"repeat","background-position":"center center","background-size":"auto","background-attachment":"scroll","background-type":"","background-media":"","overlay-type":"","overlay-color":"","overlay-opacity":"","overlay-gradient":""},"tablet":{"background-color":"var(--ast-global-color-5)","background-image":"","background-repeat":"repeat","background-position":"center center","background-size":"auto","background-attachment":"scroll","background-type":"","background-media":"","overlay-type":"","overlay-color":"","overlay-opacity":"","overlay-gradient":""},"mobile":{"background-color":"var(--ast-global-color-5)","background-image":"","background-repeat":"repeat","background-position":"center center","background-size":"auto","background-attachment":"scroll","background-type":"","background-media":"","overlay-type":"","overlay-color":"","overlay-opacity":"","overlay-gradient":""}},"footnotes":""},"categories":[8,14],"tags":[81,135,237,423,447,514],"class_list":["post-4016","post","type-post","status-publish","format-standard","hentry","category-news","category-senza-categoria","tag-angsa","tag-benedetta","tag-de","tag-martis","tag-nazionale-autismo","tag-presidente"],"jetpack_featured_media_url":"","_links":{"self":[{"href":"https:\/\/angsaveneto.it\/index.php?rest_route=\/wp\/v2\/posts\/4016","targetHints":{"allow":["GET"]}}],"collection":[{"href":"https:\/\/angsaveneto.it\/index.php?rest_route=\/wp\/v2\/posts"}],"about":[{"href":"https:\/\/angsaveneto.it\/index.php?rest_route=\/wp\/v2\/types\/post"}],"author":[{"embeddable":true,"href":"https:\/\/angsaveneto.it\/index.php?rest_route=\/wp\/v2\/users\/1"}],"replies":[{"embeddable":true,"href":"https:\/\/angsaveneto.it\/index.php?rest_route=%2Fwp%2Fv2%2Fcomments&post=4016"}],"version-history":[{"count":0,"href":"https:\/\/angsaveneto.it\/index.php?rest_route=\/wp\/v2\/posts\/4016\/revisions"}],"wp:attachment":[{"href":"https:\/\/angsaveneto.it\/index.php?rest_route=%2Fwp%2Fv2%2Fmedia&parent=4016"}],"wp:term":[{"taxonomy":"category","embeddable":true,"href":"https:\/\/angsaveneto.it\/index.php?rest_route=%2Fwp%2Fv2%2Fcategories&post=4016"},{"taxonomy":"post_tag","embeddable":true,"href":"https:\/\/angsaveneto.it\/index.php?rest_route=%2Fwp%2Fv2%2Ftags&post=4016"}],"curies":[{"name":"wp","href":"https:\/\/api.w.org\/{rel}","templated":true}]}}