{"id":3995,"date":"2016-12-18T10:25:19","date_gmt":"2016-12-18T10:25:19","guid":{"rendered":"http:\/\/www.angsavenetoonlus.org\/?p=3995"},"modified":"2016-12-18T10:25:19","modified_gmt":"2016-12-18T10:25:19","slug":"sesta-edizione-del-calendario-angsa-2017","status":"publish","type":"post","link":"https:\/\/angsaveneto.it\/?p=3995","title":{"rendered":"Sesta edizione del Calendario  Angsa 2017"},"content":{"rendered":"<p><em>Il <strong>Calendario Angsa<\/strong> raccoglie il contributo di artisti con autismo provenienti da tutte le regioni d\u2019Italia;<\/em><\/p>\n<p><strong><em>\u00a0<\/em><\/strong><em>\u00c8 un oggetto da collezione, ogni pagina \u00e8 una esperienza artistica di vivacit\u00e0 e colore;<\/em><\/p>\n<p><em>\u00a0Segnala Progetti\u00a0 di carattere nazionale. <\/em><\/p>\n<p><em>Primo fra tutti La giornata Mondiale della consapevolezza autismo del 2 aprile e altre iniziative che si svilupperanno per tutto il 2017.<\/em><\/p>\n<p><em>Sostieni i nostri progetti acquistando un Calendario Angsa <\/em><\/p>\n<p><em>\u00a0\u00a0 <\/em><\/p>\n<p><em>Liana Baroni Presidente Angsa Nazionale <\/em><\/p>\n<p><em>Dicembre 2016<\/em><\/p>\n<p><em>\u00a0<\/em><\/p>\n<p><em>\u00a0<\/em><\/p>\n<p><em>Il <strong>Calendario Angsa 2016 <\/strong>lo puoi trovare in tutte le Sedi Angsa, per trovarci vai\u00a0 al Sito \u00a0www.angsa.it<\/em><\/p>\n<p><em>\u00a0<\/em><\/p>\n<p><em>Le Sedi Angsa che distribuiscono il Calendario sono:<\/em><\/p>\n<p>&nbsp;<\/p>\n<p>[gview file=&#8221;http:\/\/veneto.angsa.it\/wp-content\/uploads\/sites\/4\/2016\/12\/Sesta-edizione-del-Calendario-Angsa-2016.pdf&#8221;]<\/p>\n<p>&nbsp;<\/p>\n","protected":false},"excerpt":{"rendered":"<p>Il Calendario Angsa raccoglie il contributo di artisti con autismo provenienti da tutte le regioni d\u2019Italia; \u00a0\u00c8 un oggetto da collezione, ogni pagina \u00e8 una esperienza artistica di vivacit\u00e0 e colore; \u00a0Segnala Progetti\u00a0 di carattere nazionale. Primo fra tutti La giornata Mondiale della consapevolezza autismo del 2 aprile e altre iniziative che si svilupperanno per [&hellip;]<\/p>\n","protected":false},"author":1,"featured_media":0,"comment_status":"closed","ping_status":"closed","sticky":false,"template":"","format":"standard","meta":{"site-sidebar-layout":"default","site-content-layout":"","ast-site-content-layout":"default","site-content-style":"default","site-sidebar-style":"default","ast-global-header-display":"","ast-banner-title-visibility":"","ast-main-header-display":"","ast-hfb-above-header-display":"","ast-hfb-below-header-display":"","ast-hfb-mobile-header-display":"","site-post-title":"","ast-breadcrumbs-content":"","ast-featured-img":"","footer-sml-layout":"","ast-disable-related-posts":"","theme-transparent-header-meta":"","adv-header-id-meta":"","stick-header-meta":"","header-above-stick-meta":"","header-main-stick-meta":"","header-below-stick-meta":"","astra-migrate-meta-layouts":"default","ast-page-background-enabled":"default","ast-page-background-meta":{"desktop":{"background-color":"","background-image":"","background-repeat":"repeat","background-position":"center center","background-size":"auto","background-attachment":"scroll","background-type":"","background-media":"","overlay-type":"","overlay-color":"","overlay-opacity":"","overlay-gradient":""},"tablet":{"background-color":"","background-image":"","background-repeat":"repeat","background-position":"center center","background-size":"auto","background-attachment":"scroll","background-type":"","background-media":"","overlay-type":"","overlay-color":"","overlay-opacity":"","overlay-gradient":""},"mobile":{"background-color":"","background-image":"","background-repeat":"repeat","background-position":"center center","background-size":"auto","background-attachment":"scroll","background-type":"","background-media":"","overlay-type":"","overlay-color":"","overlay-opacity":"","overlay-gradient":""}},"ast-content-background-meta":{"desktop":{"background-color":"var(--ast-global-color-5)","background-image":"","background-repeat":"repeat","background-position":"center center","background-size":"auto","background-attachment":"scroll","background-type":"","background-media":"","overlay-type":"","overlay-color":"","overlay-opacity":"","overlay-gradient":""},"tablet":{"background-color":"var(--ast-global-color-5)","background-image":"","background-repeat":"repeat","background-position":"center center","background-size":"auto","background-attachment":"scroll","background-type":"","background-media":"","overlay-type":"","overlay-color":"","overlay-opacity":"","overlay-gradient":""},"mobile":{"background-color":"var(--ast-global-color-5)","background-image":"","background-repeat":"repeat","background-position":"center center","background-size":"auto","background-attachment":"scroll","background-type":"","background-media":"","overlay-type":"","overlay-color":"","overlay-opacity":"","overlay-gradient":""}},"footnotes":""},"categories":[8,14],"tags":[30,81,97,153],"class_list":["post-3995","post","type-post","status-publish","format-standard","hentry","category-news","category-senza-categoria","tag-30","tag-angsa","tag-artisti","tag-calendario"],"jetpack_featured_media_url":"","_links":{"self":[{"href":"https:\/\/angsaveneto.it\/index.php?rest_route=\/wp\/v2\/posts\/3995","targetHints":{"allow":["GET"]}}],"collection":[{"href":"https:\/\/angsaveneto.it\/index.php?rest_route=\/wp\/v2\/posts"}],"about":[{"href":"https:\/\/angsaveneto.it\/index.php?rest_route=\/wp\/v2\/types\/post"}],"author":[{"embeddable":true,"href":"https:\/\/angsaveneto.it\/index.php?rest_route=\/wp\/v2\/users\/1"}],"replies":[{"embeddable":true,"href":"https:\/\/angsaveneto.it\/index.php?rest_route=%2Fwp%2Fv2%2Fcomments&post=3995"}],"version-history":[{"count":0,"href":"https:\/\/angsaveneto.it\/index.php?rest_route=\/wp\/v2\/posts\/3995\/revisions"}],"wp:attachment":[{"href":"https:\/\/angsaveneto.it\/index.php?rest_route=%2Fwp%2Fv2%2Fmedia&parent=3995"}],"wp:term":[{"taxonomy":"category","embeddable":true,"href":"https:\/\/angsaveneto.it\/index.php?rest_route=%2Fwp%2Fv2%2Fcategories&post=3995"},{"taxonomy":"post_tag","embeddable":true,"href":"https:\/\/angsaveneto.it\/index.php?rest_route=%2Fwp%2Fv2%2Ftags&post=3995"}],"curies":[{"name":"wp","href":"https:\/\/api.w.org\/{rel}","templated":true}]}}