{"id":3766,"date":"2016-09-12T09:00:48","date_gmt":"2016-09-12T09:00:48","guid":{"rendered":"http:\/\/www.angsavenetoonlus.org\/?p=3766"},"modified":"2016-09-12T09:00:48","modified_gmt":"2016-09-12T09:00:48","slug":"xi-convegno-nazionale-qualita-della-vita-per-le-disabilita-aprirsi-alle-sfide-complesse","status":"publish","type":"post","link":"https:\/\/angsaveneto.it\/?p=3766","title":{"rendered":"XI Convegno Nazionale Qualit\u00e0 della Vita per le Disabilit\u00e0 : aprirsi alle sfide complesse"},"content":{"rendered":"<p>Il 12 e 13 settembre in Universit\u00e0 Cattolica a Milano si terr\u00e0 l\u201911\u00b0 Convegno nazionale dedicato alle persone con disabilit\u00e0 intellettiva e autismo, in collaborazione con SINPIA, SIDIN, FIA, Fondazione SOSPIRO (<a href=\"http:\/\/www.sinpia.eu\/atom\/allegato\/1500.pdf\">http:\/\/www.sinpia.eu\/atom\/allegato\/1500.pdf<\/a>).\u00a0Il tema centrale del convegno ricorre spesso nelle discussioni delle liste: le\u00a0\u201c<strong>SFIDE COMPLESSE<\/strong>\u201d. I lavori congressuali prevedono:<\/p>\n<ul>\n<li>50\u00a0relatori\u00a0di riferimento nazionale e internazionale<\/li>\n<li>2 seminari pre-convegno<\/li>\n<li>3 sessioni plenarie<\/li>\n<li>9 simposi in parallelo<\/li>\n<li>34 relazioni<\/li>\n<li>1 workshop intensivo post-convegno<\/li>\n<\/ul>\n<p>Si segnala la partecipazione di:<\/p>\n<ul>\n<li><strong>LOUIS HAGOPIAN<\/strong>, direttore del Kennedy Krieger Institute (Baltimore, USA) \u2013 il centro considerato eccellenza a livello internazionale per il trattamento dei casi pi\u00f9 complessi di autismo, disabilit\u00e0, doppie diagnosi e comportamenti problema\u00a0\u2013\u00a0terr\u00e0 un seminario e una relazione magistrale;<\/li>\n<li><strong>GIULIO LANCIONI<\/strong>, il ricercatore italiano pi\u00f9 noto e qualificato a livello internazionale\u00a0terr\u00e0 un seminario e una relazione magistrale;<\/li>\n<li><strong>SANDY TOOGOOD<\/strong>, celebre esperto degli interventi \u201cpositive behaviour support\u201d (Bangor, UK), terr\u00e0 un workshop di una giornata.<\/li>\n<\/ul>\n<p>Rimangono poche decine di posti disponibili.<\/p>\n<p>Locandina e ulteriori informazioni ai link<\/p>\n<p>http:\/\/www.sinpia.eu\/atom\/allegato\/1500.pdf<\/p>\n<p>https:\/\/issuu.com\/fondazionesospiro\/docs\/xi-convegno-brochure<\/p>\n<p><a href=\"https:\/\/www.fondazionesospiro.it\/xi-convegno-nazionale-qualit%C3%A0-della-vita-le-disabilit%C3%A0-aprirsi-alle-sfide-complesse\">https:\/\/www.fondazionesospiro.it\/xi-convegno-nazionale-qualit%C3%A0-della-vita-le-disabilit%C3%A0-aprirsi-alle-sfide-complesse<\/a><\/p>\n<p>&nbsp;<\/p>\n<p>&nbsp;<\/p>\n","protected":false},"excerpt":{"rendered":"<p>Il 12 e 13 settembre in Universit\u00e0 Cattolica a Milano si terr\u00e0 l\u201911\u00b0 Convegno nazionale dedicato alle persone con disabilit\u00e0 intellettiva e autismo, in collaborazione con SINPIA, SIDIN, FIA, Fondazione SOSPIRO (http:\/\/www.sinpia.eu\/atom\/allegato\/1500.pdf).\u00a0Il tema centrale del convegno ricorre spesso nelle discussioni delle liste: le\u00a0\u201cSFIDE COMPLESSE\u201d. I lavori congressuali prevedono: 50\u00a0relatori\u00a0di riferimento nazionale e internazionale 2 seminari [&hellip;]<\/p>\n","protected":false},"author":1,"featured_media":3767,"comment_status":"closed","ping_status":"closed","sticky":false,"template":"","format":"standard","meta":{"site-sidebar-layout":"default","site-content-layout":"","ast-site-content-layout":"default","site-content-style":"default","site-sidebar-style":"default","ast-global-header-display":"","ast-banner-title-visibility":"","ast-main-header-display":"","ast-hfb-above-header-display":"","ast-hfb-below-header-display":"","ast-hfb-mobile-header-display":"","site-post-title":"","ast-breadcrumbs-content":"","ast-featured-img":"","footer-sml-layout":"","ast-disable-related-posts":"","theme-transparent-header-meta":"","adv-header-id-meta":"","stick-header-meta":"","header-above-stick-meta":"","header-main-stick-meta":"","header-below-stick-meta":"","astra-migrate-meta-layouts":"default","ast-page-background-enabled":"default","ast-page-background-meta":{"desktop":{"background-color":"","background-image":"","background-repeat":"repeat","background-position":"center center","background-size":"auto","background-attachment":"scroll","background-type":"","background-media":"","overlay-type":"","overlay-color":"","overlay-opacity":"","overlay-gradient":""},"tablet":{"background-color":"","background-image":"","background-repeat":"repeat","background-position":"center center","background-size":"auto","background-attachment":"scroll","background-type":"","background-media":"","overlay-type":"","overlay-color":"","overlay-opacity":"","overlay-gradient":""},"mobile":{"background-color":"","background-image":"","background-repeat":"repeat","background-position":"center center","background-size":"auto","background-attachment":"scroll","background-type":"","background-media":"","overlay-type":"","overlay-color":"","overlay-opacity":"","overlay-gradient":""}},"ast-content-background-meta":{"desktop":{"background-color":"var(--ast-global-color-5)","background-image":"","background-repeat":"repeat","background-position":"center center","background-size":"auto","background-attachment":"scroll","background-type":"","background-media":"","overlay-type":"","overlay-color":"","overlay-opacity":"","overlay-gradient":""},"tablet":{"background-color":"var(--ast-global-color-5)","background-image":"","background-repeat":"repeat","background-position":"center center","background-size":"auto","background-attachment":"scroll","background-type":"","background-media":"","overlay-type":"","overlay-color":"","overlay-opacity":"","overlay-gradient":""},"mobile":{"background-color":"var(--ast-global-color-5)","background-image":"","background-repeat":"repeat","background-position":"center center","background-size":"auto","background-attachment":"scroll","background-type":"","background-media":"","overlay-type":"","overlay-color":"","overlay-opacity":"","overlay-gradient":""}},"footnotes":""},"categories":[4,14],"tags":[112,212,249,363,446],"class_list":["post-3766","post","type-post","status-publish","format-standard","has-post-thumbnail","hentry","category-eventi","category-senza-categoria","tag-autismo","tag-convegno","tag-disabilita","tag-intellettive","tag-nazionale"],"jetpack_featured_media_url":"https:\/\/angsaveneto.it\/wp-content\/uploads\/2016\/08\/convegno-2016.jpg","_links":{"self":[{"href":"https:\/\/angsaveneto.it\/index.php?rest_route=\/wp\/v2\/posts\/3766","targetHints":{"allow":["GET"]}}],"collection":[{"href":"https:\/\/angsaveneto.it\/index.php?rest_route=\/wp\/v2\/posts"}],"about":[{"href":"https:\/\/angsaveneto.it\/index.php?rest_route=\/wp\/v2\/types\/post"}],"author":[{"embeddable":true,"href":"https:\/\/angsaveneto.it\/index.php?rest_route=\/wp\/v2\/users\/1"}],"replies":[{"embeddable":true,"href":"https:\/\/angsaveneto.it\/index.php?rest_route=%2Fwp%2Fv2%2Fcomments&post=3766"}],"version-history":[{"count":0,"href":"https:\/\/angsaveneto.it\/index.php?rest_route=\/wp\/v2\/posts\/3766\/revisions"}],"wp:featuredmedia":[{"embeddable":true,"href":"https:\/\/angsaveneto.it\/index.php?rest_route=\/wp\/v2\/media\/3767"}],"wp:attachment":[{"href":"https:\/\/angsaveneto.it\/index.php?rest_route=%2Fwp%2Fv2%2Fmedia&parent=3766"}],"wp:term":[{"taxonomy":"category","embeddable":true,"href":"https:\/\/angsaveneto.it\/index.php?rest_route=%2Fwp%2Fv2%2Fcategories&post=3766"},{"taxonomy":"post_tag","embeddable":true,"href":"https:\/\/angsaveneto.it\/index.php?rest_route=%2Fwp%2Fv2%2Ftags&post=3766"}],"curies":[{"name":"wp","href":"https:\/\/api.w.org\/{rel}","templated":true}]}}