{"id":3596,"date":"2016-06-13T09:59:47","date_gmt":"2016-06-13T09:59:47","guid":{"rendered":"http:\/\/www.angsavenetoonlus.org\/?p=3596"},"modified":"2016-06-13T09:59:47","modified_gmt":"2016-06-13T09:59:47","slug":"centro-ricreativo-estivo-per-ragazzi-con-disabilita-a-passerella-ve","status":"publish","type":"post","link":"https:\/\/angsaveneto.it\/?p=3596","title":{"rendered":"Centro ricreativo estivo per ragazzi con disabilit\u00e0 a Passerella (VE)"},"content":{"rendered":"<p><strong>\u00a0Le Cooperativa SOS autismo in collaborazione con \u00a0Centro Psicoeducativo ABC LAB e Associazione \u201cLa Giraffa Coraggiosa\u201d<\/strong><\/p>\n<p>Propongono l\u2019avvio di un \u00a0Centro ricreativo estivo per ragazzi con disabilit\u00e0<\/p>\n<p>Nel periodo dall\u201911 al 22 luglio 2016, dal Luned\u00ec al Venerd\u00ec presso il Centro Passarella (San Don\u00e0 di Piave)<\/p>\n<p><strong>FINALIT\u00c0<\/strong><\/p>\n<p>Il progetto si propone di promuovere l\u2019autonomia personale, le<\/p>\n<p>abilit\u00e0 di comunicazione, le abilit\u00e0 di gioco e le abilit\u00e0 sociali,<\/p>\n<p>attraverso laboratori, gite fuori porta e attivit\u00e0 ricreative.<\/p>\n<p><strong>DESTINATARI<\/strong><\/p>\n<p>Bambini e ragazzi con disabilit\u00e0 intellettiva e relazionale di et\u00e0 tra i 6 e i 20 anni. Per ogni ragazzo verranno portati avanti obbiettivi individualizzati per migliorare la comunicazione, il gioco e le abilit\u00e0 sociali.<\/p>\n<p><strong>ORGANIZZAZIONE<\/strong><\/p>\n<p>Ogni partecipante sar\u00e0 seguito in un rapporto 1 a 1 con un educatore formato. Il centro stivo \u00e8 organizzato dal centro psicoeducativo ABC LAB, e verr\u00e0 supervisionato da 3 psicologhe e 1 pedagogista esperte in disabilit\u00e0<\/p>\n<p><strong>INFO<\/strong><\/p>\n<p>Per ulteriori informazioni contattateci via: e-mail a: info@abc-lab.it chiamare:<\/p>\n<p>3487990071 &#8211; 3395413943 -3479473662<\/p>\n<p>scheda di iscrizione<\/p>\n<p>[gview file=&#8221;http:\/\/veneto.angsa.it\/wp-content\/uploads\/sites\/4\/2016\/06\/Scheda-Iscrizione-Centro-Estivo-Jesolo.pdf&#8221;]<\/p>\n<p>Volantino informativo<\/p>\n<p>[gview file=&#8221;http:\/\/veneto.angsa.it\/wp-content\/uploads\/sites\/4\/2016\/06\/Poster-Centro-Estivo-versione-azzurra-dx.pdf&#8221;]<\/p>\n","protected":false},"excerpt":{"rendered":"<p>\u00a0Le Cooperativa SOS autismo in collaborazione con \u00a0Centro Psicoeducativo ABC LAB e Associazione \u201cLa Giraffa Coraggiosa\u201d Propongono l\u2019avvio di un \u00a0Centro ricreativo estivo per ragazzi con disabilit\u00e0 Nel periodo dall\u201911 al 22 luglio 2016, dal Luned\u00ec al Venerd\u00ec presso il Centro Passarella (San Don\u00e0 di Piave) FINALIT\u00c0 Il progetto si propone di promuovere l\u2019autonomia personale, [&hellip;]<\/p>\n","protected":false},"author":1,"featured_media":3599,"comment_status":"closed","ping_status":"closed","sticky":false,"template":"","format":"standard","meta":{"site-sidebar-layout":"default","site-content-layout":"","ast-site-content-layout":"default","site-content-style":"default","site-sidebar-style":"default","ast-global-header-display":"","ast-banner-title-visibility":"","ast-main-header-display":"","ast-hfb-above-header-display":"","ast-hfb-below-header-display":"","ast-hfb-mobile-header-display":"","site-post-title":"","ast-breadcrumbs-content":"","ast-featured-img":"","footer-sml-layout":"","ast-disable-related-posts":"","theme-transparent-header-meta":"","adv-header-id-meta":"","stick-header-meta":"","header-above-stick-meta":"","header-main-stick-meta":"","header-below-stick-meta":"","astra-migrate-meta-layouts":"default","ast-page-background-enabled":"default","ast-page-background-meta":{"desktop":{"background-color":"","background-image":"","background-repeat":"repeat","background-position":"center center","background-size":"auto","background-attachment":"scroll","background-type":"","background-media":"","overlay-type":"","overlay-color":"","overlay-opacity":"","overlay-gradient":""},"tablet":{"background-color":"","background-image":"","background-repeat":"repeat","background-position":"center center","background-size":"auto","background-attachment":"scroll","background-type":"","background-media":"","overlay-type":"","overlay-color":"","overlay-opacity":"","overlay-gradient":""},"mobile":{"background-color":"","background-image":"","background-repeat":"repeat","background-position":"center center","background-size":"auto","background-attachment":"scroll","background-type":"","background-media":"","overlay-type":"","overlay-color":"","overlay-opacity":"","overlay-gradient":""}},"ast-content-background-meta":{"desktop":{"background-color":"var(--ast-global-color-5)","background-image":"","background-repeat":"repeat","background-position":"center center","background-size":"auto","background-attachment":"scroll","background-type":"","background-media":"","overlay-type":"","overlay-color":"","overlay-opacity":"","overlay-gradient":""},"tablet":{"background-color":"var(--ast-global-color-5)","background-image":"","background-repeat":"repeat","background-position":"center center","background-size":"auto","background-attachment":"scroll","background-type":"","background-media":"","overlay-type":"","overlay-color":"","overlay-opacity":"","overlay-gradient":""},"mobile":{"background-color":"var(--ast-global-color-5)","background-image":"","background-repeat":"repeat","background-position":"center center","background-size":"auto","background-attachment":"scroll","background-type":"","background-media":"","overlay-type":"","overlay-color":"","overlay-opacity":"","overlay-gradient":""}},"footnotes":""},"categories":[8,14],"tags":[112,180,249,256,279,483,499,562,600,679],"class_list":["post-3596","post","type-post","status-publish","format-standard","has-post-thumbnail","hentry","category-news","category-senza-categoria","tag-autismo","tag-centro","tag-disabilita","tag-dona","tag-estivo","tag-passerella","tag-piave","tag-sa","tag-sos","tag-venezia"],"jetpack_featured_media_url":"https:\/\/angsaveneto.it\/wp-content\/uploads\/2016\/06\/ridotto-poster-Centro-estivo-SOS.jpg","_links":{"self":[{"href":"https:\/\/angsaveneto.it\/index.php?rest_route=\/wp\/v2\/posts\/3596","targetHints":{"allow":["GET"]}}],"collection":[{"href":"https:\/\/angsaveneto.it\/index.php?rest_route=\/wp\/v2\/posts"}],"about":[{"href":"https:\/\/angsaveneto.it\/index.php?rest_route=\/wp\/v2\/types\/post"}],"author":[{"embeddable":true,"href":"https:\/\/angsaveneto.it\/index.php?rest_route=\/wp\/v2\/users\/1"}],"replies":[{"embeddable":true,"href":"https:\/\/angsaveneto.it\/index.php?rest_route=%2Fwp%2Fv2%2Fcomments&post=3596"}],"version-history":[{"count":0,"href":"https:\/\/angsaveneto.it\/index.php?rest_route=\/wp\/v2\/posts\/3596\/revisions"}],"wp:featuredmedia":[{"embeddable":true,"href":"https:\/\/angsaveneto.it\/index.php?rest_route=\/wp\/v2\/media\/3599"}],"wp:attachment":[{"href":"https:\/\/angsaveneto.it\/index.php?rest_route=%2Fwp%2Fv2%2Fmedia&parent=3596"}],"wp:term":[{"taxonomy":"category","embeddable":true,"href":"https:\/\/angsaveneto.it\/index.php?rest_route=%2Fwp%2Fv2%2Fcategories&post=3596"},{"taxonomy":"post_tag","embeddable":true,"href":"https:\/\/angsaveneto.it\/index.php?rest_route=%2Fwp%2Fv2%2Ftags&post=3596"}],"curies":[{"name":"wp","href":"https:\/\/api.w.org\/{rel}","templated":true}]}}