{"id":3548,"date":"2016-05-29T17:39:09","date_gmt":"2016-05-29T17:39:09","guid":{"rendered":"http:\/\/www.angsavenetoonlus.org\/?p=3548"},"modified":"2016-05-29T17:39:09","modified_gmt":"2016-05-29T17:39:09","slug":"creato-il-coordinamento-autismo-veneto","status":"publish","type":"post","link":"https:\/\/angsaveneto.it\/?p=3548","title":{"rendered":"Creato il \u201cCoordinamento Autismo Veneto\u201d"},"content":{"rendered":"<p style=\"text-align: justify\">Racconto sempre che, quando ho scoperto che mio figlio Luca era autistico, ho avuto la fortuna di potere contare su due Associazioni vicentine di genitori (n.d.r. Angsa Veneto e Autismo Triveneto Onlus), che hanno reso sicuramente meno duro il percorso della mia famiglia in quegli anni, facendomi sentire meno sola e soprattutto orientandomi in un terreno a me completamente sconosciuto. Sono passati quindici anni; prima e dopo, negli anni, altre realt\u00e0 associative sono state create in Veneto, permettendo cos\u00ec di rispondere in modo capillare a diverse e diversificate esigenze locali e sociali. Il proliferare di tanti piccoli soggetti giuridici ha sicuramente permesso il rispetto di identit\u00e0 specifiche e il perseguimento di obiettivi peculiari; negli ultimi tempi, per\u00f2, si \u00e8 sentita sempre pi\u00f9 forte la necessit\u00e0 della costituzione di un organismo rappresentativo unitario, nel quale tutti possano e potranno in futuro confluire pur mantenendo la propria autonomia organizzativa ed operativa, e che si assuma il compito di diventare interlocutore autorevole per rappresentare le istanze delle famiglie con familiari con autismo presso la Regione del Veneto, che ha recentemente riattivato il Tavolo di lavoro per l\u2019autismo. La stessa Regione aveva auspicato un alleggerimento al tavolo del numero dei componenti rappresentanti l\u2019autismo, per snellirne e semplificarne i lavori, e la nascita concreta di un organismo unitario si \u00e8 resa quindi ancora pi\u00f9 necessaria. Venerd\u00ec 20 Maggio 2016, presso la Work Crossing Coop di Via Forcellini, 172, a Padova, alcune Associazioni venete che si occupano di autismo si sono incontrate per siglare per prime un protocollo di intesa e dare ufficialmente vita ad un vero e proprio \u201cCoordinamento Autismo Veneto\u201c, che permetter\u00e0 di essere pi\u00f9 efficaci e determinanti nel dialogo con Istituzioni pubbliche e private, regionali o nazionali. Qualcuno di noi gi\u00e0 si conosceva da tempo, altri solo di vista, altri ancora solo a distanza o online.\u201d Molto piacere, sono Elisabetta, felice di conoscerla di persona\u2026\u201d \u201cCiao, ti ricordi di me? Ci siamo conosciuti dieci, forse quindici anni fa\u2026\u201d \u201cMi ricordo! Come stai?&#8221; \u201cTi presento\u2026.\u201d\u201cIo metto sempre il like nella vostra pagina\u2026.\u201d \u201cMa certo! Ora collego\u2026\u201d. \u201cCiao, come sono andati questi ultimi mesi\u2026?\u201d \u201cDammi un bacio, ti trovo in forma\u2026\u201d Eravamo emozionati. Unirsi non \u00e8 mai facile. E\u2019 meno faticoso pensare a ci\u00f2 che ci divide piuttosto che a ci\u00f2 che ci unisce, ci avete mai pensato? Emozionati perch\u00e9 consapevoli di avere il privilegio di essere presenti ad un evento storico, di quelli che, tra dieci o vent\u2019anni, verranno ricordati dai presenti con dei : \u201cTi ricordi? Noi c\u2019eravamo, noi ci abbiamo creduto\u2026 \u201dGi\u00e0 in macchina avevamo parlato delle nostre aspettative per la serata. Ero con Chiara e con Antonella (n.d.r. Antonella Tofano, Presidente di Autismo Triveneto Onlus), che ha detto una frase che ha espresso perfettamente e sinteticamente un concetto banale ma essenziale: \u201cNoi genitori siamo gli esperti dei bisogni dei nostri figli.\u201d Esperti di bisogni. Bellissimo. In economia conoscere i bisogni \u00e8 tutto, perch\u00e9 permette di offrire beni e servizi che sicuramente avranno mercato. Il migliore imprenditore \u00e8 colui che \u00e8 anche utilizzatore del suo prodotto e, perci\u00f2, lo conosce profondamente. Nel mondo della cura della persona con autismo spesso i servizi arrivano da chi non conosce realmente i bisogni da cui essi scaturiscono.Durante la cena osservavo e parlavo con quelle persone sedute e vedevo genitori forti, solidi, sicuri, se non di se stessi, sicuramente delle battaglie compiute e da compiere. Ognuno di loro rappresentava la fatica di una lotta: chi per una scuola inclusiva, chi per la crescita della terapia ABA, chi per l\u2019inserimento lavorativo, chi per lo sviluppo di una qualit\u00e0 di vita nel tempo libero, chi per una garanzia in vista del \u201cdopo di noi\u201d. Insieme eravamo completi; insieme avevamo sufficienti competenze per dialogare con cognizione di causa con qualsiasi Istituzione. Insieme forti per chiedere a qualunque interlocutore: a) conoscenza dei bisogni; b) soluzioni per soddisfarli. Quando Sonia (n.d.r Sonia Zen, Presidente di Angsa Veneto) ha introdotto la parte tecnica della serata ed ha illustrato gli obiettivi del Coordinamento, c\u2019\u00e8 stato un breve momento di stordimento e di silenzio. E\u2019 stato come essere consapevoli della forza di un gruppo ma allo stesso tempo di nuove e sconosciute fatiche: quella di conoscersi, coordinarsi, tenersi aggiornati reciprocamente, dialogare superando diverse visioni, arrivare a scelte comuni. Ma \u00e8 durato solo un attimo. Ha preso il sopravvento l\u2019adrenalina per ci\u00f2 che, insieme ed uniti, si potr\u00e0 conquistare. Siamo tutti consapevoli che il lavoro del gruppo comincia in realt\u00e0 solo adesso. Ma faremo come tutti abbiamo sempre fatto separatamente finora: un passo alla volta, ciascuno per quello che sapr\u00e0 e potr\u00e0 fare o dare. Dal punto di vista della comunicazione per ora sono stati creati:<br \/>\n1) un gruppo chiuso su fb per conoscersi, tenersi in contatto, trasmettere idee, mettere in gioco le proprie potenzialit\u00e0, riflettere su difficolt\u00e0 e loro superamento, informare su proprie iniziative e altro; a questo gruppo parteciperanno una o due persone per associazione, tra quelle aderenti al \u201cCoordinamento\u201d.<br \/>\n2) Una mailing list di posta elettronica per le informazioni mirate al tavolo tecnico di lavoro, indirizzate ai Presidenti delle associazioni aderenti o loro delegati;3) Io e Chiara abbiamo messo a disposizione del \u201cCoordinamento\u201d il nostro blog ed i nostri social, per contribuire a diffondere la conoscenza del gruppo e di ci\u00f2 che verr\u00e0 proposto e realizzato.<br \/>\nDal punto di vista sostanziale, che \u00e8 quello pi\u00f9 importante, saranno necessarie apertura mentale e tanta disponibilit\u00e0 nella ricerca e nella condivisione di strategie comuni. In un campo come questo non deve esistere concorrenza ma crescita. O si cresce tutti insieme o i piccoli traguardi di ogni singola associazione o fondazione saranno per pochi e avverranno con troppa fisiologica lentezza. Altre Associazioni\/Fondazioni, assenti alla serata per precedenti impegni o problemi subentrati, hanno gi\u00e0 dichiarato intento di adesione al Coordinamento; l\u2019auspicio \u00e8 perci\u00f2 che, nelle prossime settimane e mesi, il Coordinamento Autismo Veneto arrivi a comprendere la quasi totalit\u00e0 del panorama sull\u2019autismo presente in Veneto. Eccoci, per il momento della firma.<\/p>\n<p>Prima firmataria Sonia Zen, Presidente di Angsa Veneto, anima della serata e all\u2019unanimit\u00e0 designata come Coordinatrice del gruppo. Al suo fianco: Fabio Brotto, Presidente di Autismo Treviso Fabio Brotto<br \/>\n<a href=\"http:\/\/veneto.angsa.it\/wp-content\/uploads\/sites\/4\/2016\/05\/DSC_0819-.jpg\"><img fetchpriority=\"high\" decoding=\"async\" class=\"alignnone size-medium wp-image-3549\" src=\"http:\/\/veneto.angsa.it\/wp-content\/uploads\/sites\/4\/2016\/05\/DSC_0819--300x282.jpg\" alt=\"DSC_0819 ---\" width=\"300\" height=\"282\" srcset=\"https:\/\/angsaveneto.it\/wp-content\/uploads\/2016\/05\/DSC_0819--300x282.jpg 300w, https:\/\/angsaveneto.it\/wp-content\/uploads\/2016\/05\/DSC_0819--1024x963.jpg 1024w, https:\/\/angsaveneto.it\/wp-content\/uploads\/2016\/05\/DSC_0819--768x722.jpg 768w, https:\/\/angsaveneto.it\/wp-content\/uploads\/2016\/05\/DSC_0819--1536x1444.jpg 1536w, https:\/\/angsaveneto.it\/wp-content\/uploads\/2016\/05\/DSC_0819--2048x1925.jpg 2048w, https:\/\/angsaveneto.it\/wp-content\/uploads\/2016\/05\/DSC_0819--1568x1474.jpg 1568w\" sizes=\"(max-width: 300px) 100vw, 300px\" \/><\/a><\/p>\n<p>Da sinistra: Elisabetta Tonini (Presidente Aps \u201cIn viaggio con te\u201d Vicenza \u2013 Wisteria Blue), alla firma Paolo Lorenzin (Presidente Aiutismo di Camposampiero, Padova), in piedi vicino a Sonia Zen: Flavio Beretta, Viviautismo<br \/>\n<a href=\"http:\/\/veneto.angsa.it\/wp-content\/uploads\/sites\/4\/2016\/05\/DSC_0824-.jpg\"><img decoding=\"async\" class=\"alignnone size-medium wp-image-3551\" src=\"http:\/\/veneto.angsa.it\/wp-content\/uploads\/sites\/4\/2016\/05\/DSC_0824--300x195.jpg\" alt=\"DSC_0824 ---\" width=\"300\" height=\"195\" srcset=\"https:\/\/angsaveneto.it\/wp-content\/uploads\/2016\/05\/DSC_0824--300x195.jpg 300w, https:\/\/angsaveneto.it\/wp-content\/uploads\/2016\/05\/DSC_0824--1024x667.jpg 1024w, https:\/\/angsaveneto.it\/wp-content\/uploads\/2016\/05\/DSC_0824--768x500.jpg 768w, https:\/\/angsaveneto.it\/wp-content\/uploads\/2016\/05\/DSC_0824--1536x1001.jpg 1536w, https:\/\/angsaveneto.it\/wp-content\/uploads\/2016\/05\/DSC_0824--2048x1335.jpg 2048w, https:\/\/angsaveneto.it\/wp-content\/uploads\/2016\/05\/DSC_0824--1568x1022.jpg 1568w\" sizes=\"(max-width: 300px) 100vw, 300px\" \/><\/a><\/p>\n<p>Io, Flavio Beretta alla firma e, in piedi, Alessandra Visentin, Presidente di Angsa Treviso Onlus.13226740_10207591728049032_1480671507620066796_nAssociazione di promozione sociale \u201cIn viaggio con te\u201d Vicenza \u2013 Wisteria Blue alla firma.<br \/>\n<a href=\"http:\/\/veneto.angsa.it\/wp-content\/uploads\/sites\/4\/2016\/05\/DSC_0834-.jpg\"><img decoding=\"async\" class=\"alignnone size-medium wp-image-3552\" src=\"http:\/\/veneto.angsa.it\/wp-content\/uploads\/sites\/4\/2016\/05\/DSC_0834--300x232.jpg\" alt=\"DSC_0834 --\" width=\"300\" height=\"232\" srcset=\"https:\/\/angsaveneto.it\/wp-content\/uploads\/2016\/05\/DSC_0834--300x232.jpg 300w, https:\/\/angsaveneto.it\/wp-content\/uploads\/2016\/05\/DSC_0834--1024x790.jpg 1024w, https:\/\/angsaveneto.it\/wp-content\/uploads\/2016\/05\/DSC_0834--768x593.jpg 768w, https:\/\/angsaveneto.it\/wp-content\/uploads\/2016\/05\/DSC_0834--1536x1186.jpg 1536w, https:\/\/angsaveneto.it\/wp-content\/uploads\/2016\/05\/DSC_0834--2048x1581.jpg 2048w, https:\/\/angsaveneto.it\/wp-content\/uploads\/2016\/05\/DSC_0834--1568x1210.jpg 1568w\" sizes=\"(max-width: 300px) 100vw, 300px\" \/><\/a><\/p>\n<p>Da sinistra: Fabio Brotto, Presidente di Autismo Treviso Onlus, Chiara Cesaro (con delega di Dania Secco per Angsa Venezia), Manuela Roberto, Associazione ABAut Vicenza, Emanuela Gridelli, Presidente di ABAut Vicenza, Riccardo Rivani (Angsa Veneto) e, sullo sfondo, Ruggero Mason (Aiutismo Camposampiero, Padova).<br \/>\n<a href=\"http:\/\/veneto.angsa.it\/wp-content\/uploads\/sites\/4\/2016\/05\/DSC_0822-.jpg\"><img loading=\"lazy\" decoding=\"async\" class=\"alignnone size-medium wp-image-3553\" src=\"http:\/\/veneto.angsa.it\/wp-content\/uploads\/sites\/4\/2016\/05\/DSC_0822--300x207.jpg\" alt=\"DSC_0822 --\" width=\"300\" height=\"207\" srcset=\"https:\/\/angsaveneto.it\/wp-content\/uploads\/2016\/05\/DSC_0822--300x207.jpg 300w, https:\/\/angsaveneto.it\/wp-content\/uploads\/2016\/05\/DSC_0822--1024x707.jpg 1024w, https:\/\/angsaveneto.it\/wp-content\/uploads\/2016\/05\/DSC_0822--768x531.jpg 768w, https:\/\/angsaveneto.it\/wp-content\/uploads\/2016\/05\/DSC_0822--1536x1061.jpg 1536w, https:\/\/angsaveneto.it\/wp-content\/uploads\/2016\/05\/DSC_0822--2048x1415.jpg 2048w, https:\/\/angsaveneto.it\/wp-content\/uploads\/2016\/05\/DSC_0822--1568x1083.jpg 1568w\" sizes=\"(max-width: 300px) 100vw, 300px\" \/><\/a><\/p>\n<p>Il gruppo intero: da sinistra, Chiara Bortolaso, Ruggero Mason, Elisabetta Tonini, Flavio Beretta, Alessandra Visentin, Manuela Roberto, Emanuela Gridelli, Andrea Rusticali, Riccardo Rivani, Sonia Zen, Fabio Brotto, Moreno Berto (Autismo Treviso Onlus), Antonella Tofano (Presidente di Autismo Triveneto Onlus) e Paolo Lorenzin. Come vedete nella foto era presente anche Andrea, figlio di Sonia e Roberto Rusticali (Presidente Angsa Vicenza, presente anche lui e\u2026nostro fotografo per la serata!)E\u2019 stato paziente e bravissimo tutta la sera\u2026Solo i suoi genitori sanno, per\u00f2, quanta fatica c\u2019\u00e8 voluta, negli anni, per arrivare a questo risultato eccezionale! Un abbraccio infinito ad Andrea e a tutti noi !<br \/>\n<a href=\"http:\/\/veneto.angsa.it\/wp-content\/uploads\/sites\/4\/2016\/05\/DSC_0841-TAGLIATA.jpg\"><img loading=\"lazy\" decoding=\"async\" class=\"alignnone size-medium wp-image-3554\" src=\"http:\/\/veneto.angsa.it\/wp-content\/uploads\/sites\/4\/2016\/05\/DSC_0841-TAGLIATA-300x78.jpg\" alt=\"DSC_0841 TAGLIATA\" width=\"300\" height=\"78\" srcset=\"https:\/\/angsaveneto.it\/wp-content\/uploads\/2016\/05\/DSC_0841-TAGLIATA-300x78.jpg 300w, https:\/\/angsaveneto.it\/wp-content\/uploads\/2016\/05\/DSC_0841-TAGLIATA-1024x267.jpg 1024w, https:\/\/angsaveneto.it\/wp-content\/uploads\/2016\/05\/DSC_0841-TAGLIATA-768x201.jpg 768w, https:\/\/angsaveneto.it\/wp-content\/uploads\/2016\/05\/DSC_0841-TAGLIATA-1536x401.jpg 1536w, https:\/\/angsaveneto.it\/wp-content\/uploads\/2016\/05\/DSC_0841-TAGLIATA-2048x535.jpg 2048w, https:\/\/angsaveneto.it\/wp-content\/uploads\/2016\/05\/DSC_0841-TAGLIATA-1568x409.jpg 1568w\" sizes=\"(max-width: 300px) 100vw, 300px\" \/><\/a><\/p>\n<p>Se volete leggere il Testo del Protocollo di intesa &#8220;Coordinamento Autismo Veneto&#8221;.<br \/>\n[gview file=&#8221;http:\/\/veneto.angsa.it\/wp-content\/uploads\/sites\/4\/2016\/05\/PROTOCOLLO-ASSOCIAZIONI-VARIE-2016-con-spazio-per-firme.pdf&#8221;]<\/p>\n<p>Elisabetta Tonini<br \/>\nArticolo di <a href=\"http:\/\/www.wisteriablue.it\/creato-il-coordinamento-autismo-veneto\/\">Wisteria Blue<\/a><\/p>\n","protected":false},"excerpt":{"rendered":"<p>Racconto sempre che, quando ho scoperto che mio figlio Luca era autistico, ho avuto la fortuna di potere contare su due Associazioni vicentine di genitori (n.d.r. Angsa Veneto e Autismo Triveneto Onlus), che hanno reso sicuramente meno duro il percorso della mia famiglia in quegli anni, facendomi sentire meno sola e soprattutto orientandomi in un [&hellip;]<\/p>\n","protected":false},"author":1,"featured_media":3554,"comment_status":"closed","ping_status":"closed","sticky":false,"template":"","format":"standard","meta":{"site-sidebar-layout":"default","site-content-layout":"","ast-site-content-layout":"default","site-content-style":"default","site-sidebar-style":"default","ast-global-header-display":"","ast-banner-title-visibility":"","ast-main-header-display":"","ast-hfb-above-header-display":"","ast-hfb-below-header-display":"","ast-hfb-mobile-header-display":"","site-post-title":"","ast-breadcrumbs-content":"","ast-featured-img":"","footer-sml-layout":"","ast-disable-related-posts":"","theme-transparent-header-meta":"","adv-header-id-meta":"","stick-header-meta":"","header-above-stick-meta":"","header-main-stick-meta":"","header-below-stick-meta":"","astra-migrate-meta-layouts":"default","ast-page-background-enabled":"default","ast-page-background-meta":{"desktop":{"background-color":"","background-image":"","background-repeat":"repeat","background-position":"center center","background-size":"auto","background-attachment":"scroll","background-type":"","background-media":"","overlay-type":"","overlay-color":"","overlay-opacity":"","overlay-gradient":""},"tablet":{"background-color":"","background-image":"","background-repeat":"repeat","background-position":"center center","background-size":"auto","background-attachment":"scroll","background-type":"","background-media":"","overlay-type":"","overlay-color":"","overlay-opacity":"","overlay-gradient":""},"mobile":{"background-color":"","background-image":"","background-repeat":"repeat","background-position":"center center","background-size":"auto","background-attachment":"scroll","background-type":"","background-media":"","overlay-type":"","overlay-color":"","overlay-opacity":"","overlay-gradient":""}},"ast-content-background-meta":{"desktop":{"background-color":"var(--ast-global-color-5)","background-image":"","background-repeat":"repeat","background-position":"center center","background-size":"auto","background-attachment":"scroll","background-type":"","background-media":"","overlay-type":"","overlay-color":"","overlay-opacity":"","overlay-gradient":""},"tablet":{"background-color":"var(--ast-global-color-5)","background-image":"","background-repeat":"repeat","background-position":"center center","background-size":"auto","background-attachment":"scroll","background-type":"","background-media":"","overlay-type":"","overlay-color":"","overlay-opacity":"","overlay-gradient":""},"mobile":{"background-color":"var(--ast-global-color-5)","background-image":"","background-repeat":"repeat","background-position":"center center","background-size":"auto","background-attachment":"scroll","background-type":"","background-media":"","overlay-type":"","overlay-color":"","overlay-opacity":"","overlay-gradient":""}},"footnotes":""},"categories":[8,13,14],"tags":[29,112,216,677],"class_list":["post-3548","post","type-post","status-publish","format-standard","has-post-thumbnail","hentry","category-news","category-scritti-da-voi","category-senza-categoria","tag-29","tag-autismo","tag-coordinamento","tag-veneto"],"jetpack_featured_media_url":"https:\/\/angsaveneto.it\/wp-content\/uploads\/2016\/05\/DSC_0841-TAGLIATA-scaled.jpg","_links":{"self":[{"href":"https:\/\/angsaveneto.it\/index.php?rest_route=\/wp\/v2\/posts\/3548","targetHints":{"allow":["GET"]}}],"collection":[{"href":"https:\/\/angsaveneto.it\/index.php?rest_route=\/wp\/v2\/posts"}],"about":[{"href":"https:\/\/angsaveneto.it\/index.php?rest_route=\/wp\/v2\/types\/post"}],"author":[{"embeddable":true,"href":"https:\/\/angsaveneto.it\/index.php?rest_route=\/wp\/v2\/users\/1"}],"replies":[{"embeddable":true,"href":"https:\/\/angsaveneto.it\/index.php?rest_route=%2Fwp%2Fv2%2Fcomments&post=3548"}],"version-history":[{"count":0,"href":"https:\/\/angsaveneto.it\/index.php?rest_route=\/wp\/v2\/posts\/3548\/revisions"}],"wp:featuredmedia":[{"embeddable":true,"href":"https:\/\/angsaveneto.it\/index.php?rest_route=\/wp\/v2\/media\/3554"}],"wp:attachment":[{"href":"https:\/\/angsaveneto.it\/index.php?rest_route=%2Fwp%2Fv2%2Fmedia&parent=3548"}],"wp:term":[{"taxonomy":"category","embeddable":true,"href":"https:\/\/angsaveneto.it\/index.php?rest_route=%2Fwp%2Fv2%2Fcategories&post=3548"},{"taxonomy":"post_tag","embeddable":true,"href":"https:\/\/angsaveneto.it\/index.php?rest_route=%2Fwp%2Fv2%2Ftags&post=3548"}],"curies":[{"name":"wp","href":"https:\/\/api.w.org\/{rel}","templated":true}]}}