{"id":3543,"date":"2016-06-05T15:30:18","date_gmt":"2016-06-05T15:30:18","guid":{"rendered":"http:\/\/www.angsavenetoonlus.org\/?p=3543"},"modified":"2016-06-05T15:30:18","modified_gmt":"2016-06-05T15:30:18","slug":"stop-aut-immagini-suoni-e-parole-per-conoscere-gli-autismi","status":"publish","type":"post","link":"https:\/\/angsaveneto.it\/?p=3543","title":{"rendered":"STOP-AUT&quot;: DAGLI APPROFONDIMENTI SUGLI AUTISMI AD UNA FESTA PER TUTTI"},"content":{"rendered":"<div id='gallery-1' class='gallery galleryid-3543 gallery-columns-3 gallery-size-thumbnail'><figure class='gallery-item'>\n\t\t\t<div class='gallery-icon portrait'>\n\t\t\t\t<a href='https:\/\/angsaveneto.it\/?attachment_id=3571'><img decoding=\"async\" width=\"150\" height=\"150\" src=\"https:\/\/angsaveneto.it\/wp-content\/uploads\/2016\/06\/20160605_174609-150x150.jpg\" class=\"attachment-thumbnail size-thumbnail\" alt=\"\" aria-describedby=\"gallery-1-3571\" \/><\/a>\n\t\t\t<\/div>\n\t\t\t\t<figcaption class='wp-caption-text gallery-caption' id='gallery-1-3571'>\n\t\t\t\tDot Leonardo Zoccante e Luca Fiorin promotore dell&#8217;Evento\n\t\t\t\t<\/figcaption><\/figure><figure class='gallery-item'>\n\t\t\t<div class='gallery-icon landscape'>\n\t\t\t\t<a href='https:\/\/angsaveneto.it\/?attachment_id=3572'><img decoding=\"async\" width=\"150\" height=\"150\" src=\"https:\/\/angsaveneto.it\/wp-content\/uploads\/2016\/06\/20160605_171523-150x150.jpg\" class=\"attachment-thumbnail size-thumbnail\" alt=\"\" aria-describedby=\"gallery-1-3572\" \/><\/a>\n\t\t\t<\/div>\n\t\t\t\t<figcaption class='wp-caption-text gallery-caption' id='gallery-1-3572'>\n\t\t\t\tPresidente Autismi Verona Federica Costa con Luca Fiorin\n\t\t\t\t<\/figcaption><\/figure><figure class='gallery-item'>\n\t\t\t<div class='gallery-icon portrait'>\n\t\t\t\t<a href='https:\/\/angsaveneto.it\/?attachment_id=3573'><img decoding=\"async\" width=\"150\" height=\"150\" src=\"https:\/\/angsaveneto.it\/wp-content\/uploads\/2016\/06\/20160605_174557-150x150.jpg\" class=\"attachment-thumbnail size-thumbnail\" alt=\"\" aria-describedby=\"gallery-1-3573\" \/><\/a>\n\t\t\t<\/div>\n\t\t\t\t<figcaption class='wp-caption-text gallery-caption' id='gallery-1-3573'>\n\t\t\t\talcuni momenti dell&#8217;Evento\n\t\t\t\t<\/figcaption><\/figure>\n\t\t<\/div>\n\n<p>Associazioni culturali e del volontariato unite nel valorizzare<br \/>\nchi ha a che fare con i disturbi della sfera autistica<br \/>\nDomenica 5 giugno 2016<br \/>\nsede della Bottega d\u2019Arte (Antica Chiesa di Pressana &#8211; VR)<\/p>\n<div id=\":165\" class=\"ii gt adP adO\">\n<div id=\":160\" class=\"a3s aXjCH m1550cf9029c3a8a4\">\n<div dir=\"ltr\">\n<div id='gallery-2' class='gallery galleryid-3543 gallery-columns-3 gallery-size-thumbnail'><figure class='gallery-item'>\n\t\t\t<div class='gallery-icon landscape'>\n\t\t\t\t<a href='https:\/\/angsaveneto.it\/?attachment_id=3582'><img loading=\"lazy\" decoding=\"async\" width=\"150\" height=\"150\" src=\"https:\/\/angsaveneto.it\/wp-content\/uploads\/2016\/06\/dentro-la-chiesa-150x150.jpg\" class=\"attachment-thumbnail size-thumbnail\" alt=\"\" aria-describedby=\"gallery-2-3582\" \/><\/a>\n\t\t\t<\/div>\n\t\t\t\t<figcaption class='wp-caption-text gallery-caption' id='gallery-2-3582'>\n\t\t\t\tDentro la chiesa romanica\n\t\t\t\t<\/figcaption><\/figure><figure class='gallery-item'>\n\t\t\t<div class='gallery-icon landscape'>\n\t\t\t\t<a href='https:\/\/angsaveneto.it\/?attachment_id=3580'><img loading=\"lazy\" decoding=\"async\" width=\"150\" height=\"150\" src=\"https:\/\/angsaveneto.it\/wp-content\/uploads\/2016\/06\/aspettando-il-risotto-150x150.jpg\" class=\"attachment-thumbnail size-thumbnail\" alt=\"\" aria-describedby=\"gallery-2-3580\" \/><\/a>\n\t\t\t<\/div>\n\t\t\t\t<figcaption class='wp-caption-text gallery-caption' id='gallery-2-3580'>\n\t\t\t\taspettando il risotto\n\t\t\t\t<\/figcaption><\/figure><figure class='gallery-item'>\n\t\t\t<div class='gallery-icon landscape'>\n\t\t\t\t<a href='https:\/\/angsaveneto.it\/?attachment_id=3579'><img loading=\"lazy\" decoding=\"async\" width=\"150\" height=\"150\" src=\"https:\/\/angsaveneto.it\/wp-content\/uploads\/2016\/06\/Toni-Naspri-con-Luca-Fiorin-150x150.jpg\" class=\"attachment-thumbnail size-thumbnail\" alt=\"\" aria-describedby=\"gallery-2-3579\" \/><\/a>\n\t\t\t<\/div>\n\t\t\t\t<figcaption class='wp-caption-text gallery-caption' id='gallery-2-3579'>\n\t\t\t\tToni Naspri con Luca Fiorin\n\t\t\t\t<\/figcaption><\/figure>\n\t\t<\/div>\n\n<p align=\"JUSTIFY\">Una giornata partita dagli interventi di valore associativo ed istitituzionale per arrivare ad un lungo momento di festa che ha coinvolto centinaia e centinaia di persone. E&#8217; stato questo &#8220;Stop-Aut&#8221;. Manifestazione a caratterte biennale che si \u00e8 svolta domenica 5 giugno a Pressana, in provincia di Verona. Un appuntamento organizzato dalle associazioni culturali Bottega d&#8217;Arte, che gestisce l&#8217;antica chiesa medievale che ha ospitato la manifestazione, e Marte, che promuove occasione di conoscenza di artisti &#8220;speciali&#8221;, in collaborazione con le istituzioni locali, Comune e Pro Loco, e grazie ad una serie di sponsor.<\/p>\n<p align=\"JUSTIFY\">&#8220;Stop-Aut&#8221; si \u00e8 aperta con gli interventi del presidente di Bottega d&#8217;Arte, il professor Luciano Balzan, del sindaco di Pressana, Stefano Marzotto, della rappresentante di Autismi Verona, Federica Signorato e della presidente di Angsa Veneto Sonia Zen, la quale ha parlato delle necessit\u00e0 con cui si trovano a dover fare i conti i soggetti affetti da Autismo e le loro famiglie ed ha illustrato le finalit\u00e0 del da poco nato Coordinamento autismo veneto, che raggruppa 15 associazioni di tutte le provincie della nostra regione. A seguire Toti Naspri ha presentato il periodico realizzato a Verona da ragazzi autistici &#8220;i fantastici 15&#8221; e Leonardo Zoccante, neuropsichiatra dell&#8217;Unit\u00e0 operativa complessa dell&#8217;Azienda ospedaliera di Verona, ha illustrato i disturbi dello spettro autistico.<\/p>\n<p align=\"JUSTIFY\">La manifestazione di Pressana voleva per\u00f2 anche essere una giornata di festa pensata per far conoscere aspetti poco noti dell&#8217;Autismo. Il programma prevedeva, infatti, anche l&#8217;inaugurazione di una mostra di fotografie di Gianluca Balocco, &#8220;The surprise of life&#8221;, laboratori di pittura e ceramica per bambini e ragazzi, ed una serie di appuntamenti musicali, con le esibizioni del pluripremiato coro &#8220;Le voci bianche&#8221; della scuola media di Cologna Veneta, del cantante e chitarrista Giovanni Signorato e del gruppo country ed american folk &#8220;On the road&#8221;.<\/p>\n<p align=\"JUSTIFY\">Nel corso della giornata \u00e8 stato presentato una stage di espressione corporea che si svolger\u00e0 nell&#8217;antica chiesa di Pressana il primo luglio prossimo, in previsione di un corso che prender\u00e0 avvio a settembre.<\/p>\n<p align=\"JUSTIFY\">Articolo su Superando \u00a0<a href=\"http:\/\/www.superando.it\/2016\/06\/03\/una-giornata-di-festa-per-far-conoscere-gli-autismi\/\">Una giornata di festa per conoscere gli autismi<\/a><\/p>\n<\/div>\n<\/div>\n<\/div>\n<div id=\":141\" class=\"hq gt a10\"><\/div>\n<p>Volantino<br \/>\n[gview file=&#8221;http:\/\/veneto.angsa.it\/wp-content\/uploads\/sites\/4\/2016\/05\/050616.pdf&#8221;]<\/p>\n","protected":false},"excerpt":{"rendered":"<p>Associazioni culturali e del volontariato unite nel valorizzare chi ha a che fare con i disturbi della sfera autistica Domenica 5 giugno 2016 sede della Bottega d\u2019Arte (Antica Chiesa di Pressana &#8211; VR) Una giornata partita dagli interventi di valore associativo ed istitituzionale per arrivare ad un lungo momento di festa che ha coinvolto centinaia [&hellip;]<\/p>\n","protected":false},"author":1,"featured_media":3581,"comment_status":"closed","ping_status":"closed","sticky":false,"template":"","format":"standard","meta":{"site-sidebar-layout":"default","site-content-layout":"","ast-site-content-layout":"default","site-content-style":"default","site-sidebar-style":"default","ast-global-header-display":"","ast-banner-title-visibility":"","ast-main-header-display":"","ast-hfb-above-header-display":"","ast-hfb-below-header-display":"","ast-hfb-mobile-header-display":"","site-post-title":"","ast-breadcrumbs-content":"","ast-featured-img":"","footer-sml-layout":"","ast-disable-related-posts":"","theme-transparent-header-meta":"","adv-header-id-meta":"","stick-header-meta":"","header-above-stick-meta":"","header-main-stick-meta":"","header-below-stick-meta":"","astra-migrate-meta-layouts":"default","ast-page-background-enabled":"default","ast-page-background-meta":{"desktop":{"background-color":"","background-image":"","background-repeat":"repeat","background-position":"center center","background-size":"auto","background-attachment":"scroll","background-type":"","background-media":"","overlay-type":"","overlay-color":"","overlay-opacity":"","overlay-gradient":""},"tablet":{"background-color":"","background-image":"","background-repeat":"repeat","background-position":"center center","background-size":"auto","background-attachment":"scroll","background-type":"","background-media":"","overlay-type":"","overlay-color":"","overlay-opacity":"","overlay-gradient":""},"mobile":{"background-color":"","background-image":"","background-repeat":"repeat","background-position":"center center","background-size":"auto","background-attachment":"scroll","background-type":"","background-media":"","overlay-type":"","overlay-color":"","overlay-opacity":"","overlay-gradient":""}},"ast-content-background-meta":{"desktop":{"background-color":"var(--ast-global-color-5)","background-image":"","background-repeat":"repeat","background-position":"center center","background-size":"auto","background-attachment":"scroll","background-type":"","background-media":"","overlay-type":"","overlay-color":"","overlay-opacity":"","overlay-gradient":""},"tablet":{"background-color":"var(--ast-global-color-5)","background-image":"","background-repeat":"repeat","background-position":"center center","background-size":"auto","background-attachment":"scroll","background-type":"","background-media":"","overlay-type":"","overlay-color":"","overlay-opacity":"","overlay-gradient":""},"mobile":{"background-color":"var(--ast-global-color-5)","background-image":"","background-repeat":"repeat","background-position":"center center","background-size":"auto","background-attachment":"scroll","background-type":"","background-media":"","overlay-type":"","overlay-color":"","overlay-opacity":"","overlay-gradient":""}},"footnotes":""},"categories":[4,8,11,14],"tags":[107,112,216,347,517,619,682],"class_list":["post-3543","post","type-post","status-publish","format-standard","has-post-thumbnail","hentry","category-eventi","category-news","category-relazioni","category-senza-categoria","tag-aut","tag-autismo","tag-coordinamento","tag-immagini","tag-pressana","tag-stop","tag-verona"],"jetpack_featured_media_url":"https:\/\/angsaveneto.it\/wp-content\/uploads\/2016\/06\/Coro-le-voci-bianche.jpg","_links":{"self":[{"href":"https:\/\/angsaveneto.it\/index.php?rest_route=\/wp\/v2\/posts\/3543","targetHints":{"allow":["GET"]}}],"collection":[{"href":"https:\/\/angsaveneto.it\/index.php?rest_route=\/wp\/v2\/posts"}],"about":[{"href":"https:\/\/angsaveneto.it\/index.php?rest_route=\/wp\/v2\/types\/post"}],"author":[{"embeddable":true,"href":"https:\/\/angsaveneto.it\/index.php?rest_route=\/wp\/v2\/users\/1"}],"replies":[{"embeddable":true,"href":"https:\/\/angsaveneto.it\/index.php?rest_route=%2Fwp%2Fv2%2Fcomments&post=3543"}],"version-history":[{"count":0,"href":"https:\/\/angsaveneto.it\/index.php?rest_route=\/wp\/v2\/posts\/3543\/revisions"}],"wp:featuredmedia":[{"embeddable":true,"href":"https:\/\/angsaveneto.it\/index.php?rest_route=\/wp\/v2\/media\/3581"}],"wp:attachment":[{"href":"https:\/\/angsaveneto.it\/index.php?rest_route=%2Fwp%2Fv2%2Fmedia&parent=3543"}],"wp:term":[{"taxonomy":"category","embeddable":true,"href":"https:\/\/angsaveneto.it\/index.php?rest_route=%2Fwp%2Fv2%2Fcategories&post=3543"},{"taxonomy":"post_tag","embeddable":true,"href":"https:\/\/angsaveneto.it\/index.php?rest_route=%2Fwp%2Fv2%2Ftags&post=3543"}],"curies":[{"name":"wp","href":"https:\/\/api.w.org\/{rel}","templated":true}]}}