{"id":3540,"date":"2016-05-26T17:20:46","date_gmt":"2016-05-26T17:20:46","guid":{"rendered":"http:\/\/www.angsavenetoonlus.org\/?p=3540"},"modified":"2016-05-26T17:20:46","modified_gmt":"2016-05-26T17:20:46","slug":"genitore-per-un-giorno-trasmissione-rai-sabato-28-alle-12-25-sul-tgr-del-friuli-venezia-giulia-e-su-quello-del-veneto","status":"publish","type":"post","link":"https:\/\/angsaveneto.it\/?p=3540","title":{"rendered":"Genitore per un giorno: trasmissione RAI sabato 28 alle 12.25 sul tgr del Friuli Venezia Giulia e su quello del Veneto"},"content":{"rendered":"<p>Il 2 Aprile, giornata mondiale della consapevolezza sull\u2019autismo, la <strong>Fondazione Bambini e Autismo ONLUS<\/strong> ha presentato, fra i tanti avvenimenti, il progetto \u201cgenitore per un giorno\u201d che d\u00e0 la possibilit\u00e0 a chi ricopre ruoli anche direzionali nella progettazione e realizzazione di servizi alla persona, di partecipare per un giorno alle attivit\u00e0 di una famiglia con un figlio autistico. L\u2019invito ad aderire al progetto, che durer\u00e0 un anno, \u00e8 stato rivolto anche ai giornalisti affinch\u00e9 potessero documentare con parole e se del caso con immagini una giornata tipo di una famiglia \u201cautistica\u201d ovvero una famiglia in cui il congiunto con autismo suo malgrado condiziona in maniera importante lo stile di vita e le abitudini di tutti coloro che ruotano attorno a lui.<\/p>\n<p>La Giornalista Gioia Meloni della testa giornalistica della sede Rai del FVG aderendo all\u2019iniziativa ha passato una giornata a casa di Filippo un ragazzo in carico alla Fondazione Bambini e Autismo ONLUS, condividendo vari momenti con la famiglia e con il ragazzo assieme ad una esperta di autismo della Fondazione, la Dr. Emanuela Sedran.. Da questa esperienza \u00e8 nato un servizio che sar\u00e0 messo in onda all\u2019interno dei TGR del Friuli Venezia Giulia e del Veneto nella rubrica Il Settimanale sabato 28 Maggio alle ore 12,25.<\/p>\n<p>Per vedere il video <a href=\"http:\/\/www.rai.tv\/dl\/RaiTV\/programmi\/media\/ContentItem-67d57002-4815-444a-b74d-bb5144e28d77.html\">TG3 Friuli Venezia Giulia<\/a><\/p>\n<p>&nbsp;<\/p>\n","protected":false},"excerpt":{"rendered":"<p>Il 2 Aprile, giornata mondiale della consapevolezza sull\u2019autismo, la Fondazione Bambini e Autismo ONLUS ha presentato, fra i tanti avvenimenti, il progetto \u201cgenitore per un giorno\u201d che d\u00e0 la possibilit\u00e0 a chi ricopre ruoli anche direzionali nella progettazione e realizzazione di servizi alla persona, di partecipare per un giorno alle attivit\u00e0 di una famiglia con [&hellip;]<\/p>\n","protected":false},"author":1,"featured_media":0,"comment_status":"closed","ping_status":"closed","sticky":false,"template":"","format":"standard","meta":{"site-sidebar-layout":"default","site-content-layout":"","ast-site-content-layout":"default","site-content-style":"default","site-sidebar-style":"default","ast-global-header-display":"","ast-banner-title-visibility":"","ast-main-header-display":"","ast-hfb-above-header-display":"","ast-hfb-below-header-display":"","ast-hfb-mobile-header-display":"","site-post-title":"","ast-breadcrumbs-content":"","ast-featured-img":"","footer-sml-layout":"","ast-disable-related-posts":"","theme-transparent-header-meta":"","adv-header-id-meta":"","stick-header-meta":"","header-above-stick-meta":"","header-main-stick-meta":"","header-below-stick-meta":"","astra-migrate-meta-layouts":"default","ast-page-background-enabled":"default","ast-page-background-meta":{"desktop":{"background-color":"","background-image":"","background-repeat":"repeat","background-position":"center center","background-size":"auto","background-attachment":"scroll","background-type":"","background-media":"","overlay-type":"","overlay-color":"","overlay-opacity":"","overlay-gradient":""},"tablet":{"background-color":"","background-image":"","background-repeat":"repeat","background-position":"center center","background-size":"auto","background-attachment":"scroll","background-type":"","background-media":"","overlay-type":"","overlay-color":"","overlay-opacity":"","overlay-gradient":""},"mobile":{"background-color":"","background-image":"","background-repeat":"repeat","background-position":"center center","background-size":"auto","background-attachment":"scroll","background-type":"","background-media":"","overlay-type":"","overlay-color":"","overlay-opacity":"","overlay-gradient":""}},"ast-content-background-meta":{"desktop":{"background-color":"var(--ast-global-color-5)","background-image":"","background-repeat":"repeat","background-position":"center center","background-size":"auto","background-attachment":"scroll","background-type":"","background-media":"","overlay-type":"","overlay-color":"","overlay-opacity":"","overlay-gradient":""},"tablet":{"background-color":"var(--ast-global-color-5)","background-image":"","background-repeat":"repeat","background-position":"center center","background-size":"auto","background-attachment":"scroll","background-type":"","background-media":"","overlay-type":"","overlay-color":"","overlay-opacity":"","overlay-gradient":""},"mobile":{"background-color":"var(--ast-global-color-5)","background-image":"","background-repeat":"repeat","background-position":"center center","background-size":"auto","background-attachment":"scroll","background-type":"","background-media":"","overlay-type":"","overlay-color":"","overlay-opacity":"","overlay-gradient":""}},"footnotes":""},"categories":[8,14],"tags":[112,299,309,314,323,677],"class_list":["post-3540","post","type-post","status-publish","format-standard","hentry","category-news","category-senza-categoria","tag-autismo","tag-fondazione","tag-friuli","tag-genitori","tag-giorno","tag-veneto"],"jetpack_featured_media_url":"","_links":{"self":[{"href":"https:\/\/angsaveneto.it\/index.php?rest_route=\/wp\/v2\/posts\/3540","targetHints":{"allow":["GET"]}}],"collection":[{"href":"https:\/\/angsaveneto.it\/index.php?rest_route=\/wp\/v2\/posts"}],"about":[{"href":"https:\/\/angsaveneto.it\/index.php?rest_route=\/wp\/v2\/types\/post"}],"author":[{"embeddable":true,"href":"https:\/\/angsaveneto.it\/index.php?rest_route=\/wp\/v2\/users\/1"}],"replies":[{"embeddable":true,"href":"https:\/\/angsaveneto.it\/index.php?rest_route=%2Fwp%2Fv2%2Fcomments&post=3540"}],"version-history":[{"count":0,"href":"https:\/\/angsaveneto.it\/index.php?rest_route=\/wp\/v2\/posts\/3540\/revisions"}],"wp:attachment":[{"href":"https:\/\/angsaveneto.it\/index.php?rest_route=%2Fwp%2Fv2%2Fmedia&parent=3540"}],"wp:term":[{"taxonomy":"category","embeddable":true,"href":"https:\/\/angsaveneto.it\/index.php?rest_route=%2Fwp%2Fv2%2Fcategories&post=3540"},{"taxonomy":"post_tag","embeddable":true,"href":"https:\/\/angsaveneto.it\/index.php?rest_route=%2Fwp%2Fv2%2Ftags&post=3540"}],"curies":[{"name":"wp","href":"https:\/\/api.w.org\/{rel}","templated":true}]}}