{"id":3530,"date":"2016-06-10T08:30:59","date_gmt":"2016-06-10T08:30:59","guid":{"rendered":"http:\/\/www.angsavenetoonlus.org\/?p=3530"},"modified":"2016-06-10T08:30:59","modified_gmt":"2016-06-10T08:30:59","slug":"diventare-adulti-nella-disabilita","status":"publish","type":"post","link":"https:\/\/angsaveneto.it\/?p=3530","title":{"rendered":"Diventare adulti nella disabilit\u00e0"},"content":{"rendered":"<div id='gallery-1' class='gallery galleryid-3530 gallery-columns-3 gallery-size-thumbnail'><figure class='gallery-item'>\n\t\t\t<div class='gallery-icon portrait'>\n\t\t\t\t<a href='https:\/\/angsaveneto.it\/?attachment_id=3626'><img decoding=\"async\" width=\"150\" height=\"150\" src=\"https:\/\/angsaveneto.it\/wp-content\/uploads\/2016\/06\/Laura-Cavaliere-1-150x150.jpg\" class=\"attachment-thumbnail size-thumbnail\" alt=\"\" aria-describedby=\"gallery-1-3626\" \/><\/a>\n\t\t\t<\/div>\n\t\t\t\t<figcaption class='wp-caption-text gallery-caption' id='gallery-1-3626'>\n\t\t\t\tLaura Cavaliere\n\t\t\t\t<\/figcaption><\/figure><figure class='gallery-item'>\n\t\t\t<div class='gallery-icon portrait'>\n\t\t\t\t<a href='https:\/\/angsaveneto.it\/?attachment_id=3625'><img decoding=\"async\" width=\"150\" height=\"150\" src=\"https:\/\/angsaveneto.it\/wp-content\/uploads\/2016\/06\/Sonia-Zen-a-Este-150x150.jpg\" class=\"attachment-thumbnail size-thumbnail\" alt=\"\" aria-describedby=\"gallery-1-3625\" \/><\/a>\n\t\t\t<\/div>\n\t\t\t\t<figcaption class='wp-caption-text gallery-caption' id='gallery-1-3625'>\n\t\t\t\tSonia Zen\n\t\t\t\t<\/figcaption><\/figure><figure class='gallery-item'>\n\t\t\t<div class='gallery-icon landscape'>\n\t\t\t\t<a href='https:\/\/angsaveneto.it\/?attachment_id=3624'><img decoding=\"async\" width=\"150\" height=\"150\" src=\"https:\/\/angsaveneto.it\/wp-content\/uploads\/2016\/06\/Laura-Cavaliere-e-Chiara-Cesaro-150x150.jpg\" class=\"attachment-thumbnail size-thumbnail\" alt=\"\" aria-describedby=\"gallery-1-3624\" \/><\/a>\n\t\t\t<\/div>\n\t\t\t\t<figcaption class='wp-caption-text gallery-caption' id='gallery-1-3624'>\n\t\t\t\tChiara Cesaro e Laura Cavaliere\n\t\t\t\t<\/figcaption><\/figure>\n\t\t<\/div>\n\n<p>l&#8217;integrazione tra servizi, comunit\u00e0 e privato sociale<br \/>\norganizzato da UOC Servizi Integra (alla Persona Conselve PD)<\/p>\n<p>Si \u00e8 svolto Venerd\u00ec 10 giugno 2016 dalle\u00a0 8.30 &#8211; 16.30 nell&#8217; AULA MAGNA\u00a0 IIS \u201cAtestino\u201d<br \/>\nVia Garibaldi, 23 ESTE PD l&#8217;evento formativo <strong>&#8220;Diventare adulti nella disabilit\u00e0&#8221;<\/strong><br \/>\nL\u2019articolo 1 della Convenzione sui diritti delle persone con disabilit\u00e0 \u2013 approvata il 25 agosto 2006 dall\u2019ONU, ed entrata in vigore il 3 maggio 2008 \u2013 ratificata dall\u2019Italia con la L. n. 18 del 3 marzo 2009, non indica chi siano le persone con disabilit\u00e0, ma ribadisce che la disabilit\u00e0 \u00e8 il risultato dell\u2019interazione tra le caratteristiche delle persone e le barriere attitudinali e ambientali che incontrano.<br \/>\nPi\u00f9 barriere ci sono, pi\u00f9 le persone sperimentano disabilit\u00e0., anche nel diventare adulti.<br \/>\nPer rendere quotidiana la conquista d\u2019autonomia \u00e8 fondamentale, oltre al lavoro degli educatori, il clima che si origina in famiglia, le opportunit\u00e0 che si creano nella vita di tutti i giorni, evitando atteggiamenti assistenziali e protettivi che limitano l\u2019acquisizione di indipendenza.<br \/>\nSaper impostare un rapporto \u201ctra adulti\u201d sicuramente \u00e8 il primo passo per costruire insieme un progetto di vita che parte dalle aspettative e dalle esigenze della persona stessa.<\/p>\n<p>Responsabile Scientifico dell\u2019Evento Formativo:<br \/>\nRappo Marta Direttore UOC Servizi Integrati alla Persona &#8211; Azienda ULSS 17<\/p>\n<p>Gruppo di Progetto:<br \/>\nAmato Carminuccia Educatore Professionale U.O.C. Servizi integrati alla Persona Azienda ULSS 17<br \/>\nGaliazzo Luciano Educatore Professionale Servizio Integrazione Lavorativa Azienda ULSS 17<\/p>\n<p>EVENTO FORMATIVO<br \/>\nORGANIZZATO ULSS 17<br \/>\nUOC Servizi Integrati alla Persona Conselve PD<br \/>\nTel.: 049 9598131<br \/>\nFax: 049 9598120<br \/>\nPosta elettronica: servizi.sociali@ulss17.it<br \/>\nL\u2019evento \u00e8 gratuito. La disponibilit\u00e0 dei posti sar\u00e0 assegnata sulla base dell\u2019ordine di arrivo delle richieste.<br \/>\nmail: servizi.sociali@ulss17.it<\/p>\n<p>Evento formativo: &#8220;Diventare Adulti nella Disabilit\u00e0: l&#8217;integrazione tra servizi, comunit\u00e0 e privato sociale&#8221;<span class=\"Apple-converted-space\"><span style=\"font-family: Verdana\">\u00a0<\/span><\/span>&#8211; 10 giugno 2016 &#8211; clicca<span class=\"Apple-converted-space\"><span style=\"font-family: Verdana\">\u00a0<\/span><\/span><a title=\"Diventare Adulti nella Disabilit\u00e0\" href=\"http:\/\/www.ulss17.it\/index.cfm?method=mys.page&amp;content_id=925\">qui<\/a><span class=\"Apple-converted-space\"><span style=\"font-family: Verdana\">\u00a0<\/span><\/span>per scaricare il materiale<\/p>\n<p>Pieghevole con scheda di iscrizione<br \/>\n[gview file=&#8221;http:\/\/veneto.angsa.it\/wp-content\/uploads\/sites\/4\/2016\/05\/DEPLIANT_10-giugno-2016.pdf&#8221;]<\/p>\n<p>Presentazione di Angsa Veneto onlus preparata per l&#8217;evento formativo<\/p>\n<p>[gview file=&#8221;http:\/\/veneto.angsa.it\/wp-content\/uploads\/sites\/4\/2016\/06\/ULSS-17-Este-10-giugno-2016-presentazione.pdf&#8221;]<\/p>\n<p>Tutti gli interventi al link<\/p>\n<p><a href=\"http:\/\/www.ulss17.it\/index.cfm?method=mys.page&amp;content_id=886\">http:\/\/www.ulss17.it\/index.cfm?method=mys.page&amp;content_id=886<\/a><\/p>\n<p>&nbsp;<\/p>\n<p>&nbsp;<\/p>\n","protected":false},"excerpt":{"rendered":"<p>l&#8217;integrazione tra servizi, comunit\u00e0 e privato sociale organizzato da UOC Servizi Integra (alla Persona Conselve PD) Si \u00e8 svolto Venerd\u00ec 10 giugno 2016 dalle\u00a0 8.30 &#8211; 16.30 nell&#8217; AULA MAGNA\u00a0 IIS \u201cAtestino\u201d Via Garibaldi, 23 ESTE PD l&#8217;evento formativo &#8220;Diventare adulti nella disabilit\u00e0&#8221; L\u2019articolo 1 della Convenzione sui diritti delle persone con disabilit\u00e0 \u2013 approvata [&hellip;]<\/p>\n","protected":false},"author":1,"featured_media":3628,"comment_status":"closed","ping_status":"closed","sticky":false,"template":"","format":"standard","meta":{"site-sidebar-layout":"default","site-content-layout":"","ast-site-content-layout":"default","site-content-style":"default","site-sidebar-style":"default","ast-global-header-display":"","ast-banner-title-visibility":"","ast-main-header-display":"","ast-hfb-above-header-display":"","ast-hfb-below-header-display":"","ast-hfb-mobile-header-display":"","site-post-title":"","ast-breadcrumbs-content":"","ast-featured-img":"","footer-sml-layout":"","ast-disable-related-posts":"","theme-transparent-header-meta":"","adv-header-id-meta":"","stick-header-meta":"","header-above-stick-meta":"","header-main-stick-meta":"","header-below-stick-meta":"","astra-migrate-meta-layouts":"default","ast-page-background-enabled":"default","ast-page-background-meta":{"desktop":{"background-color":"","background-image":"","background-repeat":"repeat","background-position":"center center","background-size":"auto","background-attachment":"scroll","background-type":"","background-media":"","overlay-type":"","overlay-color":"","overlay-opacity":"","overlay-gradient":""},"tablet":{"background-color":"","background-image":"","background-repeat":"repeat","background-position":"center center","background-size":"auto","background-attachment":"scroll","background-type":"","background-media":"","overlay-type":"","overlay-color":"","overlay-opacity":"","overlay-gradient":""},"mobile":{"background-color":"","background-image":"","background-repeat":"repeat","background-position":"center center","background-size":"auto","background-attachment":"scroll","background-type":"","background-media":"","overlay-type":"","overlay-color":"","overlay-opacity":"","overlay-gradient":""}},"ast-content-background-meta":{"desktop":{"background-color":"var(--ast-global-color-5)","background-image":"","background-repeat":"repeat","background-position":"center center","background-size":"auto","background-attachment":"scroll","background-type":"","background-media":"","overlay-type":"","overlay-color":"","overlay-opacity":"","overlay-gradient":""},"tablet":{"background-color":"var(--ast-global-color-5)","background-image":"","background-repeat":"repeat","background-position":"center center","background-size":"auto","background-attachment":"scroll","background-type":"","background-media":"","overlay-type":"","overlay-color":"","overlay-opacity":"","overlay-gradient":""},"mobile":{"background-color":"var(--ast-global-color-5)","background-image":"","background-repeat":"repeat","background-position":"center center","background-size":"auto","background-attachment":"scroll","background-type":"","background-media":"","overlay-type":"","overlay-color":"","overlay-opacity":"","overlay-gradient":""}},"footnotes":""},"categories":[4,11,14],"tags":[59,213,249,253,277,464],"class_list":["post-3530","post","type-post","status-publish","format-standard","has-post-thumbnail","hentry","category-eventi","category-relazioni","category-senza-categoria","tag-adulti","tag-convenzione","tag-disabilita","tag-diventare","tag-este-ulss17","tag-onu"],"jetpack_featured_media_url":"https:\/\/angsaveneto.it\/wp-content\/uploads\/2016\/06\/fasi-vita-1.jpg","_links":{"self":[{"href":"https:\/\/angsaveneto.it\/index.php?rest_route=\/wp\/v2\/posts\/3530","targetHints":{"allow":["GET"]}}],"collection":[{"href":"https:\/\/angsaveneto.it\/index.php?rest_route=\/wp\/v2\/posts"}],"about":[{"href":"https:\/\/angsaveneto.it\/index.php?rest_route=\/wp\/v2\/types\/post"}],"author":[{"embeddable":true,"href":"https:\/\/angsaveneto.it\/index.php?rest_route=\/wp\/v2\/users\/1"}],"replies":[{"embeddable":true,"href":"https:\/\/angsaveneto.it\/index.php?rest_route=%2Fwp%2Fv2%2Fcomments&post=3530"}],"version-history":[{"count":0,"href":"https:\/\/angsaveneto.it\/index.php?rest_route=\/wp\/v2\/posts\/3530\/revisions"}],"wp:featuredmedia":[{"embeddable":true,"href":"https:\/\/angsaveneto.it\/index.php?rest_route=\/wp\/v2\/media\/3628"}],"wp:attachment":[{"href":"https:\/\/angsaveneto.it\/index.php?rest_route=%2Fwp%2Fv2%2Fmedia&parent=3530"}],"wp:term":[{"taxonomy":"category","embeddable":true,"href":"https:\/\/angsaveneto.it\/index.php?rest_route=%2Fwp%2Fv2%2Fcategories&post=3530"},{"taxonomy":"post_tag","embeddable":true,"href":"https:\/\/angsaveneto.it\/index.php?rest_route=%2Fwp%2Fv2%2Ftags&post=3530"}],"curies":[{"name":"wp","href":"https:\/\/api.w.org\/{rel}","templated":true}]}}