{"id":3461,"date":"2016-05-09T10:13:34","date_gmt":"2016-05-09T10:13:34","guid":{"rendered":"http:\/\/www.angsavenetoonlus.org\/?p=3461"},"modified":"2016-05-09T10:13:34","modified_gmt":"2016-05-09T10:13:34","slug":"estate-2016-centro-estivo-per-bambini-e-ragazzi-con-autismo-e-disturbi-generalizzarti-dello-sviluppo","status":"publish","type":"post","link":"https:\/\/angsaveneto.it\/?p=3461","title":{"rendered":"ESTATE 2016: Centro estivo per bambini e ragazzi con autismo e Disturbi Generalizzarti dello Sviluppo"},"content":{"rendered":"<p><strong>Progetto ideato\u00a0 e realizzato dalle Associazione\u00a0 Angsa Veneto onlus e ANFFAS Bassano Del Grappa onlus<\/strong><\/p>\n<p>Il progetto \u00e8 rivolto Bambini e Adolescenti con diagnosi facente parte dei disturbi dello spettro autistico, di et\u00e0 compresa fra i 6 e i 18 anni (salvo eccezioni particolari da valutare caso per caso) e residenti nel territorio dell\u2019Ulss 3.<\/p>\n<p>L\u2019obiettivo principale \u00e8 quello di offrire ai Ragazzi e alle loro Famiglie un servizio estivo dedicato che operi, pur nell\u2019ambito di un\u2019attivit\u00e0 estiva, nel rispetto delle caratteristiche e peculiarit\u00e0 del disturbo e di ogni partecipante. In generale le attivit\u00e0 verteranno sul mantenimento e il potenziamento delle macro aree delle autonomie e sul potenziamento delle competenze relazionali e sociali.<\/p>\n<p>Il personale ha una formazione specifica sui disturbi del neuro sviluppo.<\/p>\n<p>Intendiamo coprire tutto l\u2019arco estivo, per cinque giorni alla settimana con orario 7.30-16.00 da giugno a settembre. Il servizio sar\u00e0 offerto, nei vari periodi, se si raggiunge un numero minimo di partecipanti.<\/p>\n<p><b>Sede: Sala Polivalente Via SS Trinit\u00e0, 10 Bassano del Grappa<\/b><\/p>\n<p><b>Per adesioni e informazioni<\/b><b>:<\/b><\/p>\n<p><b>Sonia Zen tel.\u00a0\u00a0 335 1303112 luned\u00ec e marted\u00ec dalle 10.00 alle 12.00<\/b><\/p>\n<p><b>Giorgia Rossi\u00a0\u00a0 tel.\u00a0\u00a0 349 7435472<\/b> <b>dal luned\u00ec al venerd\u00ec dalle 20.00 alle 21.00<\/b><\/p>\n<p>E-mail: <a href=\"mailto:angsaveneto@gmail.com\">angsalaboratori@gmail.com<\/a><\/p>\n<p>&nbsp;<\/p>\n<p><a href=\"https:\/\/docs.google.com\/forms\/d\/1PvvjUwW2J_O6ufU2T4pKXIGYW8x4ujDpyizO-pyFryI\/viewform\"><span style=\"color: #0000ff;font-family: Times New Roman\">MODULO ADESIONE<\/span><\/a><\/p>\n<p>Per conoscere il progetto<\/p>\n<p>[gview file=&#8221;http:\/\/veneto.angsa.it\/wp-content\/uploads\/sites\/4\/2016\/05\/progetto-centro-estivo-2016-c-1.pdf&#8221;]<\/p>\n<p>&nbsp;<\/p>\n<p>Volantino<\/p>\n<p>[gview file=&#8221;http:\/\/veneto.angsa.it\/wp-content\/uploads\/sites\/4\/2016\/05\/Centro-estivo-2016-Volantino.pdf&#8221;]<\/p>\n<p>Regolamento e malleva<\/p>\n<p>[gview file=&#8221;http:\/\/veneto.angsa.it\/wp-content\/uploads\/sites\/4\/2016\/05\/REGOLAMENTO-LABORATORIO-PSICOEDUCATIVO-MANLEVA-2016.pdf&#8221;]<\/p>\n<p>&nbsp;<\/p>\n<p>&nbsp;<\/p>\n","protected":false},"excerpt":{"rendered":"<p>Progetto ideato\u00a0 e realizzato dalle Associazione\u00a0 Angsa Veneto onlus e ANFFAS Bassano Del Grappa onlus Il progetto \u00e8 rivolto Bambini e Adolescenti con diagnosi facente parte dei disturbi dello spettro autistico, di et\u00e0 compresa fra i 6 e i 18 anni (salvo eccezioni particolari da valutare caso per caso) e residenti nel territorio dell\u2019Ulss 3. [&hellip;]<\/p>\n","protected":false},"author":1,"featured_media":3467,"comment_status":"closed","ping_status":"closed","sticky":false,"template":"","format":"standard","meta":{"site-sidebar-layout":"default","site-content-layout":"","ast-site-content-layout":"default","site-content-style":"default","site-sidebar-style":"default","ast-global-header-display":"","ast-banner-title-visibility":"","ast-main-header-display":"","ast-hfb-above-header-display":"","ast-hfb-below-header-display":"","ast-hfb-mobile-header-display":"","site-post-title":"","ast-breadcrumbs-content":"","ast-featured-img":"","footer-sml-layout":"","ast-disable-related-posts":"","theme-transparent-header-meta":"","adv-header-id-meta":"","stick-header-meta":"","header-above-stick-meta":"","header-main-stick-meta":"","header-below-stick-meta":"","astra-migrate-meta-layouts":"default","ast-page-background-enabled":"default","ast-page-background-meta":{"desktop":{"background-color":"","background-image":"","background-repeat":"repeat","background-position":"center center","background-size":"auto","background-attachment":"scroll","background-type":"","background-media":"","overlay-type":"","overlay-color":"","overlay-opacity":"","overlay-gradient":""},"tablet":{"background-color":"","background-image":"","background-repeat":"repeat","background-position":"center center","background-size":"auto","background-attachment":"scroll","background-type":"","background-media":"","overlay-type":"","overlay-color":"","overlay-opacity":"","overlay-gradient":""},"mobile":{"background-color":"","background-image":"","background-repeat":"repeat","background-position":"center center","background-size":"auto","background-attachment":"scroll","background-type":"","background-media":"","overlay-type":"","overlay-color":"","overlay-opacity":"","overlay-gradient":""}},"ast-content-background-meta":{"desktop":{"background-color":"var(--ast-global-color-5)","background-image":"","background-repeat":"repeat","background-position":"center center","background-size":"auto","background-attachment":"scroll","background-type":"","background-media":"","overlay-type":"","overlay-color":"","overlay-opacity":"","overlay-gradient":""},"tablet":{"background-color":"var(--ast-global-color-5)","background-image":"","background-repeat":"repeat","background-position":"center center","background-size":"auto","background-attachment":"scroll","background-type":"","background-media":"","overlay-type":"","overlay-color":"","overlay-opacity":"","overlay-gradient":""},"mobile":{"background-color":"var(--ast-global-color-5)","background-image":"","background-repeat":"repeat","background-position":"center center","background-size":"auto","background-attachment":"scroll","background-type":"","background-media":"","overlay-type":"","overlay-color":"","overlay-opacity":"","overlay-gradient":""}},"footnotes":""},"categories":[8,14],"tags":[29,79,81,112,130,180,279],"class_list":["post-3461","post","type-post","status-publish","format-standard","has-post-thumbnail","hentry","category-news","category-senza-categoria","tag-29","tag-anffas","tag-angsa","tag-autismo","tag-bassano","tag-centro","tag-estivo"],"jetpack_featured_media_url":"https:\/\/angsaveneto.it\/wp-content\/uploads\/2016\/05\/Federico-Casara-estate-angsa-anffas.jpg","_links":{"self":[{"href":"https:\/\/angsaveneto.it\/index.php?rest_route=\/wp\/v2\/posts\/3461","targetHints":{"allow":["GET"]}}],"collection":[{"href":"https:\/\/angsaveneto.it\/index.php?rest_route=\/wp\/v2\/posts"}],"about":[{"href":"https:\/\/angsaveneto.it\/index.php?rest_route=\/wp\/v2\/types\/post"}],"author":[{"embeddable":true,"href":"https:\/\/angsaveneto.it\/index.php?rest_route=\/wp\/v2\/users\/1"}],"replies":[{"embeddable":true,"href":"https:\/\/angsaveneto.it\/index.php?rest_route=%2Fwp%2Fv2%2Fcomments&post=3461"}],"version-history":[{"count":0,"href":"https:\/\/angsaveneto.it\/index.php?rest_route=\/wp\/v2\/posts\/3461\/revisions"}],"wp:featuredmedia":[{"embeddable":true,"href":"https:\/\/angsaveneto.it\/index.php?rest_route=\/wp\/v2\/media\/3467"}],"wp:attachment":[{"href":"https:\/\/angsaveneto.it\/index.php?rest_route=%2Fwp%2Fv2%2Fmedia&parent=3461"}],"wp:term":[{"taxonomy":"category","embeddable":true,"href":"https:\/\/angsaveneto.it\/index.php?rest_route=%2Fwp%2Fv2%2Fcategories&post=3461"},{"taxonomy":"post_tag","embeddable":true,"href":"https:\/\/angsaveneto.it\/index.php?rest_route=%2Fwp%2Fv2%2Ftags&post=3461"}],"curies":[{"name":"wp","href":"https:\/\/api.w.org\/{rel}","templated":true}]}}