{"id":3437,"date":"2016-04-28T09:42:36","date_gmt":"2016-04-28T09:42:36","guid":{"rendered":"http:\/\/www.angsavenetoonlus.org\/?p=3437"},"modified":"2016-04-28T09:42:36","modified_gmt":"2016-04-28T09:42:36","slug":"concerto-del-duo-ceznutje-il-sogno-nella-notte-che-e-passata-con-esposizione-di-opere-di-lisa-perini","status":"publish","type":"post","link":"https:\/\/angsaveneto.it\/?p=3437","title":{"rendered":"Concerto del Duo Ceznutje &quot; Il sogno nella notte che \u00e8 passata&quot; con esposizione di opere di Lisa Perini"},"content":{"rendered":"<div>\n<p>Venerd\u00ec 29 aprile, presso l&#8217; Auditorium Fonato citt\u00e0 di Thiene.<\/p>\n<p>Il concerto, voluto dal Comune di Thiene, vedr\u00e0 esibirsi il<span style=\"color: #222222\"><span style=\"font-family: Arial\"><span class=\"Apple-converted-space\">\u00a0<\/span><b>Duo Ceznutje<\/b><span class=\"Apple-converted-space\">\u00a0<\/span><\/span><\/span>composto dal soprano Anna Tarca e da Alessandro Radovan Perini, chitarra classica.<br \/>\nSaranno eseguite arie e melodie dell&#8217; 800.\u00a0 Le quinte musicali saranno opere di Lisa Perini che sar\u00e0 presente al concerto.<\/p>\n<p>Note al concerto\u00a0 \u201c<em>Il Sogno nella notte che \u00e8 passata\u201d\u00a0 <\/em>del 29 aprile presso l&#8217;Auditorium Fonato<br \/>\nIl concerto propone un&#8217;esplorazione &#8211; attraverso un itinerario che tocca Vienna, Parigi e l&#8217;Italia \u2013 di arie e melodie del XIX secolo accompagnate dalla chitarra.<\/p>\n<p>I brani in programma, salvo alcune trascrizioni, sono originali per voce e chitarra e verranno eseguiti cos\u00ec come furono concepiti con\u00a0 chitarre dell&#8217;epoca, alcune di esse molto peculiari ed oggi scomparse, come la chitarra terzina e la decacorde <em>Schrammelgitarre. <\/em><\/p>\n<p><em>Il Sogno nella notte che \u00e8 passata <\/em>si propone di trasmettere il fascino, le suggestioni e le atmosfere della <em>Hausmusik<\/em> viennese e della musica salottiera parigina dell&#8217;800, quando ancora l&#8217;intima fruizione della musica da camera e di strumenti esili come la chitarra non avevano ceduto il passo al pianoforte e alle grandi sale da concerto.<\/p>\n<\/div>\n<p>&#8211; <a href=\"https:\/\/drive.google.com\/a\/ashmm.net\/file\/d\/0B2sW3LFKNr7pcFl1TGlZWEYyajg\/view\" target=\"_blank\" rel=\"noopener\">Locandina del concerto<\/a>;<br \/>\n&#8211; <a href=\"https:\/\/drive.google.com\/a\/ashmm.net\/file\/d\/0B2sW3LFKNr7pQzVTMU1admRSQzA\/view\" target=\"_blank\" rel=\"noopener\">Curricula Anna Tarca, Alessandro Radovan Perini, Marco D&#8217;Agostino<\/a>;<br \/>\n&#8211; <a href=\"https:\/\/drive.google.com\/a\/ashmm.net\/file\/d\/0B2sW3LFKNr7pdVN5UHVBcEZPZUU\/view\" target=\"_blank\" rel=\"noopener\">Curriculum artista Lisa Perini<\/a>;<br \/>\n&#8211; <a href=\"https:\/\/drive.google.com\/a\/ashmm.net\/file\/d\/0B2sW3LFKNr7pTXR2akdXTGFxYlU\/view\" target=\"_blank\" rel=\"noopener\">Foto di Tarca, Perini, D&#8217;Agostino<\/a>;<br \/>\n&#8211; <a href=\"https:\/\/drive.google.com\/a\/ashmm.net\/file\/d\/0B2sW3LFKNr7pLTQzNkdOQkZ1Q1U\/view\" target=\"_blank\" rel=\"noopener\">Programma di sala del concerto<\/a>.<\/p>\n","protected":false},"excerpt":{"rendered":"<p>Venerd\u00ec 29 aprile, presso l&#8217; Auditorium Fonato citt\u00e0 di Thiene. Il concerto, voluto dal Comune di Thiene, vedr\u00e0 esibirsi il\u00a0Duo Ceznutje\u00a0composto dal soprano Anna Tarca e da Alessandro Radovan Perini, chitarra classica. Saranno eseguite arie e melodie dell&#8217; 800.\u00a0 Le quinte musicali saranno opere di Lisa Perini che sar\u00e0 presente al concerto. Note al concerto\u00a0 [&hellip;]<\/p>\n","protected":false},"author":1,"featured_media":3442,"comment_status":"closed","ping_status":"closed","sticky":false,"template":"","format":"standard","meta":{"site-sidebar-layout":"default","site-content-layout":"","ast-site-content-layout":"default","site-content-style":"default","site-sidebar-style":"default","ast-global-header-display":"","ast-banner-title-visibility":"","ast-main-header-display":"","ast-hfb-above-header-display":"","ast-hfb-below-header-display":"","ast-hfb-mobile-header-display":"","site-post-title":"","ast-breadcrumbs-content":"","ast-featured-img":"","footer-sml-layout":"","ast-disable-related-posts":"","theme-transparent-header-meta":"","adv-header-id-meta":"","stick-header-meta":"","header-above-stick-meta":"","header-main-stick-meta":"","header-below-stick-meta":"","astra-migrate-meta-layouts":"default","ast-page-background-enabled":"default","ast-page-background-meta":{"desktop":{"background-color":"","background-image":"","background-repeat":"repeat","background-position":"center center","background-size":"auto","background-attachment":"scroll","background-type":"","background-media":"","overlay-type":"","overlay-color":"","overlay-opacity":"","overlay-gradient":""},"tablet":{"background-color":"","background-image":"","background-repeat":"repeat","background-position":"center center","background-size":"auto","background-attachment":"scroll","background-type":"","background-media":"","overlay-type":"","overlay-color":"","overlay-opacity":"","overlay-gradient":""},"mobile":{"background-color":"","background-image":"","background-repeat":"repeat","background-position":"center center","background-size":"auto","background-attachment":"scroll","background-type":"","background-media":"","overlay-type":"","overlay-color":"","overlay-opacity":"","overlay-gradient":""}},"ast-content-background-meta":{"desktop":{"background-color":"var(--ast-global-color-5)","background-image":"","background-repeat":"repeat","background-position":"center center","background-size":"auto","background-attachment":"scroll","background-type":"","background-media":"","overlay-type":"","overlay-color":"","overlay-opacity":"","overlay-gradient":""},"tablet":{"background-color":"var(--ast-global-color-5)","background-image":"","background-repeat":"repeat","background-position":"center center","background-size":"auto","background-attachment":"scroll","background-type":"","background-media":"","overlay-type":"","overlay-color":"","overlay-opacity":"","overlay-gradient":""},"mobile":{"background-color":"var(--ast-global-color-5)","background-image":"","background-repeat":"repeat","background-position":"center center","background-size":"auto","background-attachment":"scroll","background-type":"","background-media":"","overlay-type":"","overlay-color":"","overlay-opacity":"","overlay-gradient":""}},"footnotes":""},"categories":[4,14],"tags":[],"class_list":["post-3437","post","type-post","status-publish","format-standard","has-post-thumbnail","hentry","category-eventi","category-senza-categoria"],"jetpack_featured_media_url":"https:\/\/angsaveneto.it\/wp-content\/uploads\/2016\/04\/Concerto-Thiene-29.jpg","_links":{"self":[{"href":"https:\/\/angsaveneto.it\/index.php?rest_route=\/wp\/v2\/posts\/3437","targetHints":{"allow":["GET"]}}],"collection":[{"href":"https:\/\/angsaveneto.it\/index.php?rest_route=\/wp\/v2\/posts"}],"about":[{"href":"https:\/\/angsaveneto.it\/index.php?rest_route=\/wp\/v2\/types\/post"}],"author":[{"embeddable":true,"href":"https:\/\/angsaveneto.it\/index.php?rest_route=\/wp\/v2\/users\/1"}],"replies":[{"embeddable":true,"href":"https:\/\/angsaveneto.it\/index.php?rest_route=%2Fwp%2Fv2%2Fcomments&post=3437"}],"version-history":[{"count":0,"href":"https:\/\/angsaveneto.it\/index.php?rest_route=\/wp\/v2\/posts\/3437\/revisions"}],"wp:featuredmedia":[{"embeddable":true,"href":"https:\/\/angsaveneto.it\/index.php?rest_route=\/wp\/v2\/media\/3442"}],"wp:attachment":[{"href":"https:\/\/angsaveneto.it\/index.php?rest_route=%2Fwp%2Fv2%2Fmedia&parent=3437"}],"wp:term":[{"taxonomy":"category","embeddable":true,"href":"https:\/\/angsaveneto.it\/index.php?rest_route=%2Fwp%2Fv2%2Fcategories&post=3437"},{"taxonomy":"post_tag","embeddable":true,"href":"https:\/\/angsaveneto.it\/index.php?rest_route=%2Fwp%2Fv2%2Ftags&post=3437"}],"curies":[{"name":"wp","href":"https:\/\/api.w.org\/{rel}","templated":true}]}}