{"id":3425,"date":"2016-05-06T08:36:09","date_gmt":"2016-05-06T08:36:09","guid":{"rendered":"http:\/\/www.angsavenetoonlus.org\/?p=3425"},"modified":"2016-05-06T08:36:09","modified_gmt":"2016-05-06T08:36:09","slug":"percorso-formativo-per-operatori-delleducazione-ed-abilitazione-di-persone-autistiche-6-7-20-21-maggio-24-25-giugno-1-2-luglio","status":"publish","type":"post","link":"https:\/\/angsaveneto.it\/?p=3425","title":{"rendered":"PERCORSO FORMATIVO PER OPERATORI DELL\u2019EDUCAZIONE ED ABILITAZIONE DI PERSONE AUTISTICHE 6-7-20-21 maggio 24-25 giugno 1-2 luglio"},"content":{"rendered":"<h4>PERCORSO FORMATIVO PER OPERATORI DELL\u2019EDUCAZIONE ED ABILITAZIONE\u00a0DI PERSONE \u200b\u00a0AUTISTICHE\u200b,<\/h4>\n<p>\u200b\u200b\u00a0CORSO BASE 32 ORE \u200b\u00a0CORSO PERFEZIONAMENTO 20 ORE\u00a0che si terr\u00e0\u00a0\u00a06-7-20-21 maggio \u00a024-25 giugno 1-2 luglio a Villa Emo \u00a0Fanzolo di Vedelago (TV)\u00a0\u00a0sotto la direzione del prof. Lucio Moderato e con la collaborazione della Fondazione\u200b Sacra Famiglia\/Centro Studi Moneta.<\/p>\n<div>\n<p>Il percorso di formazione, realizzato dalla Fondazione Istituto &#8220;Sacra Famiglia&#8221;, con il suo Centro di Formazione, si propone di fornire gli strumenti per trasformare l\u2019efficienza, espressa da numerose e lodevoli iniziative proposte dai social workers, in efficacia abilitativa, eliminando la disomogeneit\u00e0 e aleatoriet\u00e0 delle attivit\u00e0 abilitative poste in essere, a favore delle persone con autismo e disturbo generalizzato dello sviluppo. Le attivit\u00e0 infatti possono perdere gran parte della loro efficacia proprio perch\u00e9 non si sviluppano in un contesto finalizzato alla creazione di un ambiente protesicamente educativo che sia in grado di facilitare l\u2019apprendimento e il conseguente sviluppo cognitivo, sociale, motorio, affettivo, relazionale.<\/p>\n<p>Destinatari Operatori educativi, sociali, sanitari (educatori, psicologi, infermieri, terapisti della riabilitazione ecc.), insegnanti,genitori, familiari e tutori di persone autistiche.<\/p>\n<p>Direttore Scientifico Prof. Lucio Moderato Psicologo, psicoterapeuta, Direttore dei Servizi Innovativi per l\u2019Autismo della Fondazione Sacra famiglia<\/p>\n<p>Docenti del Corso Prof. Lucio Moderato, Dott.ssa Irene Fusaro, Psicologa, Fondazione Sacra Famiglia, Dott.ssa Tamara Monaci Psicologa, Fondazione Angelo Custode Onlus, Dott.ssa Cecilia Carenti Psicologa, Fondazione Sacra Famiglia<\/p>\n<p>[gview file=&#8221;http:\/\/veneto.angsa.it\/wp-content\/uploads\/sites\/4\/2016\/05\/programma-corso-autismo-Castel-Monte.pdf&#8221;]<\/p>\n<p>[gview file=&#8221;http:\/\/veneto.angsa.it\/wp-content\/uploads\/sites\/4\/2016\/05\/scheda-iscrizione-al-corso-Castel-Monte.pdf&#8221;]<\/p>\n<\/div>\n","protected":false},"excerpt":{"rendered":"<p>PERCORSO FORMATIVO PER OPERATORI DELL\u2019EDUCAZIONE ED ABILITAZIONE\u00a0DI PERSONE \u200b\u00a0AUTISTICHE\u200b, \u200b\u200b\u00a0CORSO BASE 32 ORE \u200b\u00a0CORSO PERFEZIONAMENTO 20 ORE\u00a0che si terr\u00e0\u00a0\u00a06-7-20-21 maggio \u00a024-25 giugno 1-2 luglio a Villa Emo \u00a0Fanzolo di Vedelago (TV)\u00a0\u00a0sotto la direzione del prof. Lucio Moderato e con la collaborazione della Fondazione\u200b Sacra Famiglia\/Centro Studi Moneta. Il percorso di formazione, realizzato dalla Fondazione Istituto [&hellip;]<\/p>\n","protected":false},"author":1,"featured_media":0,"comment_status":"closed","ping_status":"closed","sticky":false,"template":"","format":"standard","meta":{"site-sidebar-layout":"default","site-content-layout":"","ast-site-content-layout":"default","site-content-style":"default","site-sidebar-style":"default","ast-global-header-display":"","ast-banner-title-visibility":"","ast-main-header-display":"","ast-hfb-above-header-display":"","ast-hfb-below-header-display":"","ast-hfb-mobile-header-display":"","site-post-title":"","ast-breadcrumbs-content":"","ast-featured-img":"","footer-sml-layout":"","ast-disable-related-posts":"","theme-transparent-header-meta":"","adv-header-id-meta":"","stick-header-meta":"","header-above-stick-meta":"","header-main-stick-meta":"","header-below-stick-meta":"","astra-migrate-meta-layouts":"default","ast-page-background-enabled":"default","ast-page-background-meta":{"desktop":{"background-color":"","background-image":"","background-repeat":"repeat","background-position":"center center","background-size":"auto","background-attachment":"scroll","background-type":"","background-media":"","overlay-type":"","overlay-color":"","overlay-opacity":"","overlay-gradient":""},"tablet":{"background-color":"","background-image":"","background-repeat":"repeat","background-position":"center center","background-size":"auto","background-attachment":"scroll","background-type":"","background-media":"","overlay-type":"","overlay-color":"","overlay-opacity":"","overlay-gradient":""},"mobile":{"background-color":"","background-image":"","background-repeat":"repeat","background-position":"center center","background-size":"auto","background-attachment":"scroll","background-type":"","background-media":"","overlay-type":"","overlay-color":"","overlay-opacity":"","overlay-gradient":""}},"ast-content-background-meta":{"desktop":{"background-color":"var(--ast-global-color-5)","background-image":"","background-repeat":"repeat","background-position":"center center","background-size":"auto","background-attachment":"scroll","background-type":"","background-media":"","overlay-type":"","overlay-color":"","overlay-opacity":"","overlay-gradient":""},"tablet":{"background-color":"var(--ast-global-color-5)","background-image":"","background-repeat":"repeat","background-position":"center center","background-size":"auto","background-attachment":"scroll","background-type":"","background-media":"","overlay-type":"","overlay-color":"","overlay-opacity":"","overlay-gradient":""},"mobile":{"background-color":"var(--ast-global-color-5)","background-image":"","background-repeat":"repeat","background-position":"center center","background-size":"auto","background-attachment":"scroll","background-type":"","background-media":"","overlay-type":"","overlay-color":"","overlay-opacity":"","overlay-gradient":""}},"footnotes":""},"categories":[4,14],"tags":[116,168,223,437,495],"class_list":["post-3425","post","type-post","status-publish","format-standard","hentry","category-eventi","category-senza-categoria","tag-autistiche","tag-castelmonte","tag-corso","tag-moderato","tag-persone"],"jetpack_featured_media_url":"","_links":{"self":[{"href":"https:\/\/angsaveneto.it\/index.php?rest_route=\/wp\/v2\/posts\/3425","targetHints":{"allow":["GET"]}}],"collection":[{"href":"https:\/\/angsaveneto.it\/index.php?rest_route=\/wp\/v2\/posts"}],"about":[{"href":"https:\/\/angsaveneto.it\/index.php?rest_route=\/wp\/v2\/types\/post"}],"author":[{"embeddable":true,"href":"https:\/\/angsaveneto.it\/index.php?rest_route=\/wp\/v2\/users\/1"}],"replies":[{"embeddable":true,"href":"https:\/\/angsaveneto.it\/index.php?rest_route=%2Fwp%2Fv2%2Fcomments&post=3425"}],"version-history":[{"count":0,"href":"https:\/\/angsaveneto.it\/index.php?rest_route=\/wp\/v2\/posts\/3425\/revisions"}],"wp:attachment":[{"href":"https:\/\/angsaveneto.it\/index.php?rest_route=%2Fwp%2Fv2%2Fmedia&parent=3425"}],"wp:term":[{"taxonomy":"category","embeddable":true,"href":"https:\/\/angsaveneto.it\/index.php?rest_route=%2Fwp%2Fv2%2Fcategories&post=3425"},{"taxonomy":"post_tag","embeddable":true,"href":"https:\/\/angsaveneto.it\/index.php?rest_route=%2Fwp%2Fv2%2Ftags&post=3425"}],"curies":[{"name":"wp","href":"https:\/\/api.w.org\/{rel}","templated":true}]}}