{"id":2995,"date":"2015-09-12T06:52:51","date_gmt":"2015-09-12T06:52:51","guid":{"rendered":"http:\/\/www.angsavenetoonlus.org\/?p=2995"},"modified":"2015-09-12T06:52:51","modified_gmt":"2015-09-12T06:52:51","slug":"la-presa-in-carico-della-persona-con-disturbo-dello-spettro-autistico-il-modello-umbro-12-settembre-2015-expo-milano","status":"publish","type":"post","link":"https:\/\/angsaveneto.it\/?p=2995","title":{"rendered":"La presa in carico della persona con disturbo dello spettro autistico: Il modello Umbro 12 settembre 2015 Expo Milano"},"content":{"rendered":"<p>[gview file=&#8221;http:\/\/veneto.angsa.it\/wp-content\/uploads\/sites\/4\/2015\/08\/Convegno-Auditorium-Cascina-Triulza_12-settembre-2015-1pagina.pdf&#8221;]Il giorno sabato 12 settembre 2015, dalle ore 09:30 alle ore 13:30, presso l\u2019Auditorium Cascina Triulza nel Padiglione della Societ\u00e0 Civile in Expo Milano 2015, si terr\u00e0 il convegno da noi organizzato dal titolo:<br \/>\n\u201cLa presa in carico della persona con disturbo dello spettro autistico: Il modello Umbro.\u201d<\/p>\n<p>Crediamo che i soggetti autistici debbano poter godere degli stessi diritti e opportunit\u00e0 di tutti i cittadini.<br \/>\nDa sempre il nostro scopo \u00e8 quello di promuovere l\u2019educazione specializzata, I&#8217;assistenza sanitaria e sociale, la ricerca scientifica, la formazione degli operatori e la tutela dei diritti civili a favore delle persone autistiche, affinch\u00e9 sia loro garantito il diritto inalienabile ad una vita libera e tutelata nel rispetto della loro dignit\u00e0 e del principio delle pari opportunit\u00e0.<\/p>\n<p>Il convegno dibatter\u00e0 del modello di presa in carico riabilitativo &#8211; educativo della persona con disturbo dello spettro autistico, approfondendo la necessit\u00e0 del \u201cprogetto di vita\u201d.<br \/>\nAspetto fondamentale di tale progetto \u00e8 anche la necessit\u00e0 di percorsi di inserimenti lavorativi, trattando la tematica dell\u2019Agricoltura Sociale che vede impegnati lavorativamente, in contesto agricolo, i giovani adulti autistici.<br \/>\nAl convegno sono stati invitati il Ministro della Salute On. Beatrice Lorenzin e il Ministro del Lavoro e delle Politiche Sociali On. Giuliano Poletti.<\/p>\n<p>Certa della vostra gradita presenza, sono a chiedere la pi\u00f9 ampia diffusione dell\u2019evento attraverso i vostri canali di comunicazione, con la speranza di avere quante pi\u00f9 persone possibili al convegno e far si che la nostra voce sulla tematica riceva una maggiore amplificazione.<\/p>\n<p>La Presidente\u200b Paola Carnevali Valentini<\/p>\n","protected":false},"excerpt":{"rendered":"<p>[gview file=&#8221;http:\/\/veneto.angsa.it\/wp-content\/uploads\/sites\/4\/2015\/08\/Convegno-Auditorium-Cascina-Triulza_12-settembre-2015-1pagina.pdf&#8221;]Il giorno sabato 12 settembre 2015, dalle ore 09:30 alle ore 13:30, presso l\u2019Auditorium Cascina Triulza nel Padiglione della Societ\u00e0 Civile in Expo Milano 2015, si terr\u00e0 il convegno da noi organizzato dal titolo: \u201cLa presa in carico della persona con disturbo dello spettro autistico: Il modello Umbro.\u201d Crediamo che i soggetti autistici debbano [&hellip;]<\/p>\n","protected":false},"author":1,"featured_media":0,"comment_status":"closed","ping_status":"closed","sticky":false,"template":"","format":"standard","meta":{"site-sidebar-layout":"default","site-content-layout":"","ast-site-content-layout":"default","site-content-style":"default","site-sidebar-style":"default","ast-global-header-display":"","ast-banner-title-visibility":"","ast-main-header-display":"","ast-hfb-above-header-display":"","ast-hfb-below-header-display":"","ast-hfb-mobile-header-display":"","site-post-title":"","ast-breadcrumbs-content":"","ast-featured-img":"","footer-sml-layout":"","ast-disable-related-posts":"","theme-transparent-header-meta":"","adv-header-id-meta":"","stick-header-meta":"","header-above-stick-meta":"","header-main-stick-meta":"","header-below-stick-meta":"","astra-migrate-meta-layouts":"default","ast-page-background-enabled":"default","ast-page-background-meta":{"desktop":{"background-color":"","background-image":"","background-repeat":"repeat","background-position":"center center","background-size":"auto","background-attachment":"scroll","background-type":"","background-media":"","overlay-type":"","overlay-color":"","overlay-opacity":"","overlay-gradient":""},"tablet":{"background-color":"","background-image":"","background-repeat":"repeat","background-position":"center center","background-size":"auto","background-attachment":"scroll","background-type":"","background-media":"","overlay-type":"","overlay-color":"","overlay-opacity":"","overlay-gradient":""},"mobile":{"background-color":"","background-image":"","background-repeat":"repeat","background-position":"center center","background-size":"auto","background-attachment":"scroll","background-type":"","background-media":"","overlay-type":"","overlay-color":"","overlay-opacity":"","overlay-gradient":""}},"ast-content-background-meta":{"desktop":{"background-color":"var(--ast-global-color-5)","background-image":"","background-repeat":"repeat","background-position":"center center","background-size":"auto","background-attachment":"scroll","background-type":"","background-media":"","overlay-type":"","overlay-color":"","overlay-opacity":"","overlay-gradient":""},"tablet":{"background-color":"var(--ast-global-color-5)","background-image":"","background-repeat":"repeat","background-position":"center center","background-size":"auto","background-attachment":"scroll","background-type":"","background-media":"","overlay-type":"","overlay-color":"","overlay-opacity":"","overlay-gradient":""},"mobile":{"background-color":"var(--ast-global-color-5)","background-image":"","background-repeat":"repeat","background-position":"center center","background-size":"auto","background-attachment":"scroll","background-type":"","background-media":"","overlay-type":"","overlay-color":"","overlay-opacity":"","overlay-gradient":""}},"footnotes":""},"categories":[4,14],"tags":[81,109,161,163,212,283,430,476,493,511,589,659,669],"class_list":["post-2995","post","type-post","status-publish","format-standard","hentry","category-eventi","category-senza-categoria","tag-angsa","tag-autiosmo","tag-carico","tag-carnevali","tag-convegno","tag-expo","tag-milano","tag-paola","tag-persona","tag-presa","tag-settembre","tag-umbria","tag-valentini"],"jetpack_featured_media_url":"","_links":{"self":[{"href":"https:\/\/angsaveneto.it\/index.php?rest_route=\/wp\/v2\/posts\/2995","targetHints":{"allow":["GET"]}}],"collection":[{"href":"https:\/\/angsaveneto.it\/index.php?rest_route=\/wp\/v2\/posts"}],"about":[{"href":"https:\/\/angsaveneto.it\/index.php?rest_route=\/wp\/v2\/types\/post"}],"author":[{"embeddable":true,"href":"https:\/\/angsaveneto.it\/index.php?rest_route=\/wp\/v2\/users\/1"}],"replies":[{"embeddable":true,"href":"https:\/\/angsaveneto.it\/index.php?rest_route=%2Fwp%2Fv2%2Fcomments&post=2995"}],"version-history":[{"count":0,"href":"https:\/\/angsaveneto.it\/index.php?rest_route=\/wp\/v2\/posts\/2995\/revisions"}],"wp:attachment":[{"href":"https:\/\/angsaveneto.it\/index.php?rest_route=%2Fwp%2Fv2%2Fmedia&parent=2995"}],"wp:term":[{"taxonomy":"category","embeddable":true,"href":"https:\/\/angsaveneto.it\/index.php?rest_route=%2Fwp%2Fv2%2Fcategories&post=2995"},{"taxonomy":"post_tag","embeddable":true,"href":"https:\/\/angsaveneto.it\/index.php?rest_route=%2Fwp%2Fv2%2Ftags&post=2995"}],"curies":[{"name":"wp","href":"https:\/\/api.w.org\/{rel}","templated":true}]}}