{"id":2914,"date":"2015-05-22T09:11:46","date_gmt":"2015-05-22T09:11:46","guid":{"rendered":"http:\/\/www.angsavenetoonlus.org\/?p=2914"},"modified":"2015-05-22T09:11:46","modified_gmt":"2015-05-22T09:11:46","slug":"tutti-i-candidati-alla-presidenza-della-regione-hanno-sottoscritto-un-documento-di-impegni-proposto-dalle-associazioni-dei-familiari-delle-persone-con-autismo-tra-le-priorita-la-creazione-di-centri","status":"publish","type":"post","link":"https:\/\/angsaveneto.it\/?p=2914","title":{"rendered":"TUTTI I CANDIDATI ALLA PRESIDENZA DELLA REGIONE HANNO SOTTOSCRITTO UN DOCUMENTO DI IMPEGNI PROPOSTO DALLE ASSOCIAZIONI DEI FAMILIARI DELLE PERSONE CON AUTISMO"},"content":{"rendered":"<p>Ai candidati alla presidenza, le associazioni dei familiari delle persone con Autismo hanno proposto nel documento di assumere impegni riguardo l&#8217;attuale situazione delle risorse destinate a questa patologia a livello veneto ma vengono anche citate le priorit\u00e0 che vanno perseguite per garantire un servizio che sia realmente adeguato alle necessit\u00e0 dei soggetti affetti da Disturbi dello spettro autistico e delle loro famiglie.<\/p>\n<p>Il documento presentato in precedenza ai candidati domenica 26 aprile nell\u2019incontro, sull&#8217;isola di San Servolo, e poi stato sottoscritto, e quindi fatto proprio, da tutti i sei candidati alla Presidenza della Regione: <strong>Luca Zaia, Alessandra Moretti, Jacopo Berti, Flavio Tosi, Alessio Morosin e Laura di Lucia Coletti<\/strong>.<\/p>\n<p>Auspichiamo che la rieletta Presidenza di Luca Zaia, si impegni ad assolvere il programma sottoscritto nel documento condiviso anche da tutte le Associazioni citate<\/p>\n<p>Tra le priorit\u00e0 la riattivazione del tavolo regionale per l\u2019Autismo, coinvolgendo non solo tecnici e professionisti ma anche i rappresentanti delle famiglie. Individuazione di unit\u00e0 territoriali distribuite in tutta la Regione. Attivazione di un centro di riferimento regionale di terzo livello che, in collegamento con l&#8217;Universit\u00e0, si occupi di clinica diagnostica, ricerca, aggiornamento e formazione e coordini il lavoro specialistico che viene effettuato in Veneto. Questi sono i tre obiettivi prioritari che si sono impegnati a realizzare tutti i candidati alla Presidenza della Regione Veneto per dare risposta alle esigenze delle persone con Disturbi dello Spettro Autistico. A loro le associazioni dei familiari delle persone con Autismo avevano proposto la sottoscrizione di un documento di impegni nel quale non solo si spiega l&#8217;attuale situazione delle risorse destinate a questa patologia a livello veneto ma vengono anche citate le priorit\u00e0 che vanno perseguite per garantire un servizio che sia realmente adeguato alle necessit\u00e0 dei soggetti affetti da Disturbi dello spettro autistico e delle loro famiglie. Tale documento era stato presentato ai candidati domenica 26 aprile in un incontro svoltosi a Venezia, sull&#8217;isola di San Servolo, e poi \u00e8 stato sottoscritto, e quindi fatto proprio, da tutti i sei candidati alla Presidenza della Regione: Luca Zaia, Alessandra Moretti, Jacopo Berti, Flavio Tosi, Alessio Morosin e Laura di Lucia Coletti. Prendendo spunto anche da quanto era gi\u00e0 stato deciso dalla Regione Veneto, con la Delibera di Giunta numero 2959 del 28 dicembre 2012, che dettava le Linee di indirizzo regionali per i Disturbi dello spettro autistico, il documento di impegni sottoscritto dai candidati ribadisce, oltre a quanto gi\u00e0 citato, anche la necessit\u00e0 di realizzare uno studio epidemiologico su scala regionale e di arrivare ad imporre la formulazione di un progetto individuale di presa in carico dei soggetti con Autismo. Un&#8217;operazione che dovrebbe portare a interventi mirati nelle varie et\u00e0, con attenzione particolare alla diagnosi precoce, alla formazione degli operatori relativa sia all&#8217;et\u00e0 scolare che a quella adulta, all&#8217;attuazione di una continuit\u00e0 di rapporti, ed alla creazione di posti letto specifici neuropsichiatrici. Tutto questo allo scopo sia di intensificare l&#8217;attivit\u00e0 terapeutica in et\u00e0 infantile ed adolescenziale, attualmente spesso insufficiente, che di allungare la fascia di assistenza, superando quella barriera del diciottesimo anno di et\u00e0, dopo il quale attualmente spariscono le diagnosi di Autismo facendo rientrare i giovani affetti da tale disturbo nell&#8217;area psichiatrica.<\/p>\n<p>I dati epidemiologici pi\u00f9 recenti dicono, per quanto riguarda l&#8217;Europa, che i Disturbi dello Spettro autistico colpiscono un bambino ogni 150 nati. Negli Stati Uniti, invece, si parla addirittura di un caso ogni 100 nati. Questi dati riguardano le diverse forme del disturbo, che si presenta con una importante variet\u00e0 di espressioni, tanto che oggi si preferisce parlare di Autismi, o di Disturbi dello Spettro autistico. I Disturbi dello Spettro autistico sono pertanto costituiti da entit\u00e0 eterogenee aventi in comune l\u2019incapacit\u00e0 del soggetto a cogliere le dinamiche, i vissuti e le emozioni alla base delle relazioni interpersonali. Le persone con Autismo, infatti, presentano un deficit delle abilit\u00e0 di condivisione, di empatia e di reciprocit\u00e0 interattiva tali da compromettere le competenze di autonomia sociale in modo pi\u00f9 o meno significativo.<\/p>\n<p>Grazie per l&#8217;attenzione.<\/p>\n<p>Per informazioni Luca Fiorin 3357863860<\/p>\n<p><a href=\"http:\/\/veneto.angsa.it\/wp-content\/uploads\/sites\/4\/2015\/05\/autismo-regione-veneto-San-Servolo.pdf\" target=\"_blank\" rel=\"noopener\">scarica<\/a>\u00a0PDF<\/p>\n<p>[gview file=&#8221;http:\/\/veneto.angsa.it\/wp-content\/uploads\/sites\/4\/2015\/05\/autismo-regione-veneto-San-Servolo.pdf&#8221;]<\/p>\n","protected":false},"excerpt":{"rendered":"<p>Ai candidati alla presidenza, le associazioni dei familiari delle persone con Autismo hanno proposto nel documento di assumere impegni riguardo l&#8217;attuale situazione delle risorse destinate a questa patologia a livello veneto ma vengono anche citate le priorit\u00e0 che vanno perseguite per garantire un servizio che sia realmente adeguato alle necessit\u00e0 dei soggetti affetti da Disturbi [&hellip;]<\/p>\n","protected":false},"author":1,"featured_media":0,"comment_status":"closed","ping_status":"closed","sticky":false,"template":"","format":"standard","meta":{"site-sidebar-layout":"default","site-content-layout":"","ast-site-content-layout":"default","site-content-style":"default","site-sidebar-style":"default","ast-global-header-display":"","ast-banner-title-visibility":"","ast-main-header-display":"","ast-hfb-above-header-display":"","ast-hfb-below-header-display":"","ast-hfb-mobile-header-display":"","site-post-title":"","ast-breadcrumbs-content":"","ast-featured-img":"","footer-sml-layout":"","ast-disable-related-posts":"","theme-transparent-header-meta":"","adv-header-id-meta":"","stick-header-meta":"","header-above-stick-meta":"","header-main-stick-meta":"","header-below-stick-meta":"","astra-migrate-meta-layouts":"default","ast-page-background-enabled":"default","ast-page-background-meta":{"desktop":{"background-color":"","background-image":"","background-repeat":"repeat","background-position":"center center","background-size":"auto","background-attachment":"scroll","background-type":"","background-media":"","overlay-type":"","overlay-color":"","overlay-opacity":"","overlay-gradient":""},"tablet":{"background-color":"","background-image":"","background-repeat":"repeat","background-position":"center center","background-size":"auto","background-attachment":"scroll","background-type":"","background-media":"","overlay-type":"","overlay-color":"","overlay-opacity":"","overlay-gradient":""},"mobile":{"background-color":"","background-image":"","background-repeat":"repeat","background-position":"center center","background-size":"auto","background-attachment":"scroll","background-type":"","background-media":"","overlay-type":"","overlay-color":"","overlay-opacity":"","overlay-gradient":""}},"ast-content-background-meta":{"desktop":{"background-color":"var(--ast-global-color-5)","background-image":"","background-repeat":"repeat","background-position":"center center","background-size":"auto","background-attachment":"scroll","background-type":"","background-media":"","overlay-type":"","overlay-color":"","overlay-opacity":"","overlay-gradient":""},"tablet":{"background-color":"var(--ast-global-color-5)","background-image":"","background-repeat":"repeat","background-position":"center center","background-size":"auto","background-attachment":"scroll","background-type":"","background-media":"","overlay-type":"","overlay-color":"","overlay-opacity":"","overlay-gradient":""},"mobile":{"background-color":"var(--ast-global-color-5)","background-image":"","background-repeat":"repeat","background-position":"center center","background-size":"auto","background-attachment":"scroll","background-type":"","background-media":"","overlay-type":"","overlay-color":"","overlay-opacity":"","overlay-gradient":""}},"footnotes":""},"categories":[8,14],"tags":[112,159,254,516,547,602],"class_list":["post-2914","post","type-post","status-publish","format-standard","hentry","category-news","category-senza-categoria","tag-autismo","tag-candidati","tag-documento","tag-presidenza","tag-regione-veneto","tag-sottoscritto"],"jetpack_featured_media_url":"","_links":{"self":[{"href":"https:\/\/angsaveneto.it\/index.php?rest_route=\/wp\/v2\/posts\/2914","targetHints":{"allow":["GET"]}}],"collection":[{"href":"https:\/\/angsaveneto.it\/index.php?rest_route=\/wp\/v2\/posts"}],"about":[{"href":"https:\/\/angsaveneto.it\/index.php?rest_route=\/wp\/v2\/types\/post"}],"author":[{"embeddable":true,"href":"https:\/\/angsaveneto.it\/index.php?rest_route=\/wp\/v2\/users\/1"}],"replies":[{"embeddable":true,"href":"https:\/\/angsaveneto.it\/index.php?rest_route=%2Fwp%2Fv2%2Fcomments&post=2914"}],"version-history":[{"count":0,"href":"https:\/\/angsaveneto.it\/index.php?rest_route=\/wp\/v2\/posts\/2914\/revisions"}],"wp:attachment":[{"href":"https:\/\/angsaveneto.it\/index.php?rest_route=%2Fwp%2Fv2%2Fmedia&parent=2914"}],"wp:term":[{"taxonomy":"category","embeddable":true,"href":"https:\/\/angsaveneto.it\/index.php?rest_route=%2Fwp%2Fv2%2Fcategories&post=2914"},{"taxonomy":"post_tag","embeddable":true,"href":"https:\/\/angsaveneto.it\/index.php?rest_route=%2Fwp%2Fv2%2Ftags&post=2914"}],"curies":[{"name":"wp","href":"https:\/\/api.w.org\/{rel}","templated":true}]}}