{"id":2883,"date":"2015-05-08T09:39:19","date_gmt":"2015-05-08T09:39:19","guid":{"rendered":"http:\/\/www.angsavenetoonlus.org\/?p=2883"},"modified":"2015-05-08T09:39:19","modified_gmt":"2015-05-08T09:39:19","slug":"circolare-inps-autismo-a-integrazione-messaggio-5544-del-23-06-2014","status":"publish","type":"post","link":"https:\/\/angsaveneto.it\/?p=2883","title":{"rendered":"Circolare INPS autismo-a integrazione messaggio 5544 del 23-06-2014"},"content":{"rendered":"<p><strong>Premessa:<\/strong><\/p>\n<p>Accade che spesso durante le visite di revisione vengano tolti i benefici di legge alle persone con autismo, oppure che vengano riproposte visite di revisione per un disturbo che \u00e8 stabilizzato secondo la letteratura scientifica oppure viene \u00a0concessa l&#8217;indennit\u00e0 di frequenza al posto dell&#8217;indennit\u00e0 di accompagnamento. Per arginare questo abuso, segue un articolo del Prof. Carlo Hanau* sulla<strong>\u00a0<\/strong>direttiva trasmessa dal direttore Piccioni a tutte le sedi provinciali che elimina il passaggio per la commissione medica: l&#8217;invalidit\u00e0 sar\u00e0 accordata sulla base della certificazione dello specialista o del centro del Servizio Sanitario Nazionale.<\/p>\n<p>&nbsp;<\/p>\n<p><strong>\u200b<\/strong><strong>Articolo<\/strong>:<\/p>\n<p>I primi di marzo, durante la conferenza stampa svoltasi alla Camera dei Deputati, il Prof.Massimo Piccioni, coordinatore generale medico legale dell&#8217;INPS, ha presentato la circolare che l&#8217;INPS ha diramato a tutti i medici legali INPS: &#8220;Comunicazione tecnico scientifica autismo&#8221;.<br \/>\nParticolarmente importante l&#8217;ultima parte, che riguarda la rivedibilit\u00e0 dei bambini con autismo e la concessione dell&#8217;indennit\u00e0 di accompagnamento al posto di quella di frequenza.<br \/>\nIn sintesi si rinvia la rivedibilit\u00e0 al compimento dei 18 anni e si concede l&#8217;accompagnamento in quei casi dove &#8220;le strutture di riferimento attestino un disturbo di tipo lieve o border line con ritardo mentale assente o lieve.&#8221;<\/p>\n<p>Per la concessione dell&#8217;accompagnamento si fa riferimento al &#8220;carico assistenziale eccezionale rispetto al coetaneo&#8221; ed alla sentenza della Corte di Cassazione n.11239 del 7\/6\/1991, che fece giustizia del tentativo dell&#8217;INPS di negare l&#8217;accompagnamento ai bambini, con la motivazione che comunque tutti i piccoli devono essere sorvegliati di continuo dai familiari.<br \/>\nQuesta circolare dovrebbe spegnere il ritorno di fiamma che l&#8217;INPS ha avuto negli ultimi due anni, nonostante altre sentenze di Cassazione abbiano ribadito quella citata dalla circolare: l&#8217;Avv.Muccio ci segnala la sentenza Cassazione civile sez.lavoro n.1377 del 29\/1\/03 e quella n.11525 del 17\/5\/06, ed eravamo pronti a fare causa all&#8217;INPS per i casi in cui viene concessa soltanto l&#8217;indennit\u00e0 di accompagnamento.<\/p>\n<p>Per provare la necessit\u00e0 di un impegno eccezionale dei genitori \u00e8 sufficiente ricordare che la Linea guida n.21 dell&#8217;ISS, analizzando tutta la letteratura scientifica internazionale ha stabilito sull&#8217;educazione che: \u201cGli interventi mediati dai genitori si sono dimostrati efficaci\u201d \u00a0e che \u201cSono efficaci anche i programmi intensivi comportamentali\u201d\u2026 \u201ctra questi programmi i pi\u00f9 studiati sono quelli basati sull\u2019analisi comportamentale applicata (ABA), Applied behaviour analysis\u201d (<a href=\"http:\/\/www.snlg-iss.it\/cms\/files\/scheda_autismo_14-03.pdf\">http:\/\/www.snlg-iss.it\/cms\/files\/scheda_autismo_14-03.pdf<\/a>).<\/p>\n<p>Per \u201cprogrammi intensivi\u201d si intendono quelli che esigono da un minimo di 25 fino a 40 ore settimanali; il lavoro gratuito dei genitori, se adeguatamente formati e supervisionati, pu\u00f2 contribuire a ridurre questo pesante carico assistenziale, reso necessario dalla tipica difficolt\u00e0 di generalizzare i buoni comportamenti appresi in un luogo a tutti gli altri ambienti di vita.<br \/>\nL&#8217;aspetto pi\u00f9 importante della conferenza stampa \u00e8 stata la disponibilit\u00e0 del Prof. Piccioni a riformare gli atti amministrativi senza costringere i genitori ad andare in giudizio.<\/p>\n<p>La prima parte della circolare INPS stranamente non riporta i criteri e le denominazioni della Classificazione internazionale ICD 10, che \u00e8 quella dell&#8217;OMS, ufficialmente in vigore in Italia nella sua traduzione del Ministero della salute (F 84, Disturbi evolutivi globali), ma accoglie quelli del DSM 5, soffermandosi sulle differenze rispetto al DSM IV TR precedente. Ora il DSM \u00e8 il prodotto di una rispettabilissima associazione di psichiatri americani, che non pu\u00f2 essere presa a riferimento al posto della classificazione internazionale analitica ICD 10, in vigore in Italia e nel Mondo. Ci vorr\u00e0 almeno un lustro prima che esca la nuova ICD 11, e non \u00e8 detto che seguir\u00e0 pedissequamente il DSM 5.<\/p>\n<p>Carlo Hanau<\/p>\n<p>&#8211;<br \/>\nProf. Carlo Hanau*<br \/>\ndocente di Statistica medica<br \/>\ne di Programmazione e organizzazione dei servizi sociali e sanitari<br \/>\nDipartimento di Educazione e Scienze umane<br \/>\nUniversit\u00e0 di Modena e Reggio Emilia<br \/>\nvia Allegri, 9<br \/>\n42121 Reggio Emilia<br \/>\nUniversit\u00e0 di Modena e Reggio Emilia, tel.0522 523137<\/p>\n<p><strong><a href=\"http:\/\/veneto.angsa.it\/wp-content\/uploads\/sites\/4\/2015\/05\/INPS-autismo-1.pdf\" target=\"_blank\" rel=\"noopener\">Allegato Circolare INPS<\/a>.<br \/>\n<\/strong><\/p>\n<p>[gview file=&#8221;http:\/\/veneto.angsa.it\/wp-content\/uploads\/sites\/4\/2015\/05\/INPS-autismo-1.pdf&#8221;]<\/p>\n","protected":false},"excerpt":{"rendered":"<p>Accade che spesso durante le visite di revisione vengano tolti i benefici di legge alle persone con autismo, oppure che vengano riproposte visite di revisione per un disturbo che \u00e8 stabilizzato secondo la letteratura scientifica oppure viene  concessa l&#8217;indennit\u00e0 di frequenza al posto dell&#8217;indennit\u00e0 di accompagnamento. Per arginare questo abuso, segue un articolo del Prof. Carlo Hanau* sulla direttiva trasmessa dal direttore Piccioni a tutte le sedi provinciali che elimina il passaggio per la commissione medica: l&#8217;invalidit\u00e0 sar\u00e0 accordata sulla base della certificazione dello specialista o del centro del Servizio Sanitario Nazionale. <\/p>\n","protected":false},"author":1,"featured_media":0,"comment_status":"closed","ping_status":"closed","sticky":false,"template":"","format":"standard","meta":{"site-sidebar-layout":"default","site-content-layout":"","ast-site-content-layout":"default","site-content-style":"default","site-sidebar-style":"default","ast-global-header-display":"","ast-banner-title-visibility":"","ast-main-header-display":"","ast-hfb-above-header-display":"","ast-hfb-below-header-display":"","ast-hfb-mobile-header-display":"","site-post-title":"","ast-breadcrumbs-content":"","ast-featured-img":"","footer-sml-layout":"","ast-disable-related-posts":"","theme-transparent-header-meta":"","adv-header-id-meta":"","stick-header-meta":"","header-above-stick-meta":"","header-main-stick-meta":"","header-below-stick-meta":"","astra-migrate-meta-layouts":"default","ast-page-background-enabled":"default","ast-page-background-meta":{"desktop":{"background-color":"","background-image":"","background-repeat":"repeat","background-position":"center center","background-size":"auto","background-attachment":"scroll","background-type":"","background-media":"","overlay-type":"","overlay-color":"","overlay-opacity":"","overlay-gradient":""},"tablet":{"background-color":"","background-image":"","background-repeat":"repeat","background-position":"center center","background-size":"auto","background-attachment":"scroll","background-type":"","background-media":"","overlay-type":"","overlay-color":"","overlay-opacity":"","overlay-gradient":""},"mobile":{"background-color":"","background-image":"","background-repeat":"repeat","background-position":"center center","background-size":"auto","background-attachment":"scroll","background-type":"","background-media":"","overlay-type":"","overlay-color":"","overlay-opacity":"","overlay-gradient":""}},"ast-content-background-meta":{"desktop":{"background-color":"var(--ast-global-color-5)","background-image":"","background-repeat":"repeat","background-position":"center center","background-size":"auto","background-attachment":"scroll","background-type":"","background-media":"","overlay-type":"","overlay-color":"","overlay-opacity":"","overlay-gradient":""},"tablet":{"background-color":"var(--ast-global-color-5)","background-image":"","background-repeat":"repeat","background-position":"center center","background-size":"auto","background-attachment":"scroll","background-type":"","background-media":"","overlay-type":"","overlay-color":"","overlay-opacity":"","overlay-gradient":""},"mobile":{"background-color":"var(--ast-global-color-5)","background-image":"","background-repeat":"repeat","background-position":"center center","background-size":"auto","background-attachment":"scroll","background-type":"","background-media":"","overlay-type":"","overlay-color":"","overlay-opacity":"","overlay-gradient":""}},"footnotes":""},"categories":[7,8,14],"tags":[35,186,352,361,551],"class_list":["post-2883","post","type-post","status-publish","format-standard","hentry","category-leggi","category-news","category-senza-categoria","tag-23-06-2014","tag-circolare-inps-autismo","tag-indennita","tag-integrazione-messaggio-5544","tag-revisione"],"jetpack_featured_media_url":"","_links":{"self":[{"href":"https:\/\/angsaveneto.it\/index.php?rest_route=\/wp\/v2\/posts\/2883","targetHints":{"allow":["GET"]}}],"collection":[{"href":"https:\/\/angsaveneto.it\/index.php?rest_route=\/wp\/v2\/posts"}],"about":[{"href":"https:\/\/angsaveneto.it\/index.php?rest_route=\/wp\/v2\/types\/post"}],"author":[{"embeddable":true,"href":"https:\/\/angsaveneto.it\/index.php?rest_route=\/wp\/v2\/users\/1"}],"replies":[{"embeddable":true,"href":"https:\/\/angsaveneto.it\/index.php?rest_route=%2Fwp%2Fv2%2Fcomments&post=2883"}],"version-history":[{"count":0,"href":"https:\/\/angsaveneto.it\/index.php?rest_route=\/wp\/v2\/posts\/2883\/revisions"}],"wp:attachment":[{"href":"https:\/\/angsaveneto.it\/index.php?rest_route=%2Fwp%2Fv2%2Fmedia&parent=2883"}],"wp:term":[{"taxonomy":"category","embeddable":true,"href":"https:\/\/angsaveneto.it\/index.php?rest_route=%2Fwp%2Fv2%2Fcategories&post=2883"},{"taxonomy":"post_tag","embeddable":true,"href":"https:\/\/angsaveneto.it\/index.php?rest_route=%2Fwp%2Fv2%2Ftags&post=2883"}],"curies":[{"name":"wp","href":"https:\/\/api.w.org\/{rel}","templated":true}]}}