{"id":2562,"date":"2014-11-25T08:28:38","date_gmt":"2014-11-25T08:28:38","guid":{"rendered":"http:\/\/www.angsavenetoonlus.org\/?p=2562"},"modified":"2014-11-25T08:28:38","modified_gmt":"2014-11-25T08:28:38","slug":"abuso-di-mezzi-di-contenzione","status":"publish","type":"post","link":"https:\/\/angsaveneto.it\/?p=2562","title":{"rendered":"Abuso di mezzi di contenzione"},"content":{"rendered":"<p>Quando rimbalzano sui giornali notizie come quella accaduta nel 2012 nel Servizio psichiatrico di diagnosi e cura dell\u2019ospedale di Alzano Lombardo, in cui un sedicenne \u00e8 stato ricoverato per cinque mesi con abuso di mezzi di contenzione, l\u2019angoscia ci attanaglia e ci chiediamo come queste cose possano succedere.<\/p>\n<p>Eppure l\u2019articolo del <strong>Corriere della Sera del 21 novembre<\/strong>, a firma di <strong>Elvira Serra<\/strong>, riporta che il ragazzo era stato<em>\u00a0\u201clegato mani e piedi per 17 ore al giorno per una settimana\u201d, <\/em>chiuso<em> \u201ca chiave di notte\u201d da solo nella sua stanza, <\/em>il tutto a<em> \u201cscopo precauzionale\u201d. <\/em>Lo\u00a0<strong>psichiatra Gavino Maieli,\u00a0<\/strong>che presta e prestava servizio in quella struttura, ha presentato denuncia alla Procura di Bergamo, che ha aperto un\u2019inchiesta in cui si ipotizza il reato di abuso di mezzi di correzione su minore.<\/p>\n<p><strong>Nel resoconto ufficiale fornito dall\u2019azienda ospedaliera sulle contenzioni documentate durante il 2012<\/strong><em>, <\/em>emerge che quell\u2019anno sono stati legati <strong>34<\/strong> pazienti per un totale di <strong>3.872 ore<\/strong><em>: <\/em>di queste, quasi il <strong>57%<\/strong><em>, <\/em>cio\u00e8 <strong>2.192 ore<\/strong><em>, <\/em>sono state inferte al ragazzino autistico, con una media di <strong>circa quattordici ore al giorno<\/strong><em>. <\/em>Nella denuncia si contesta anche il fatto che <strong>la madre del sedicenne non sempre veniva informata sul trattamento riservato al figlio<\/strong><em>. <\/em>In particolare, il 3 agosto 2012 nella cartella clinica venne data l\u2019indicazione di contenere il ragazzino ai quattro arti durante la notte <strong>\u00abin via sperimentale\u00bb<\/strong> per fare uno <strong>\u00absvezzamento\u00bb<\/strong> con il permesso e l\u2019autorizzazione della mamma, che sarebbe dovuta essere allontanata dopo che il paziente si fosse addormentato.<\/p>\n<p>Oltre al profondo sgomento procurato da questa notizia restiamo allibiti dall\u2019arretratezza dei termini della diagnosi <strong>\u201cPsicotico simbiotico\u201d<\/strong>: definizione che non \u00e8 pi\u00f9 usata dalla comunit\u00e0 scientifica per i disturbi dello spettro autistico, ora pi\u00f9 ampiamente definiti <strong>\u201cdisturbi del neuro sviluppo\u201d<\/strong>.<\/p>\n<p>L\u2019autismo non ha nulla che fare con la tesi retriva che una madre con la sua anaffettivit\u00e0 ne sia la causa. Purtroppo nella psichiatria di Alzano Lombardo le idee espresse sull\u2019autismo sono arretrate e dannose, e altrettanto lo sono i mezzi impiegati per fare in modo di interrompere il legame simbiotico con lo \u201csvezzamento\u201d: sono riconducibili a pratiche anacronistiche e scorrette che non hanno nessuna scientificit\u00e0 e hanno dimostrato largamente la loro inefficacia.<\/p>\n<p>Consideriamo che la Linea Guida 21dell\u2019ISS, sui trattamenti delle persone con autismo, non contempla trattamenti psicodinamici come quelli applicati ad Alzano Lombardo.<\/p>\n<p>Ci chiediamo come mai un adolescente debba essere internato per <strong>cinque<\/strong> <strong>mesi<\/strong> in una struttura psichiatrica assolutamente inadeguata e impreparata ad affrontare i problemi che implica l\u2019autismo. L\u2019Angsa* ha richiesto alla Camera dei Deputati, nell\u2019audizione del 23 settembre, residenze socio sanitarie altamente specializzate per avere personale preparato ad affrontare i periodi difficili che possono attraversare le persone con autismo. Di fronte a questa impreparazione generale urge trovare risposte concrete e possibili.<\/p>\n<p>Esprimiamo gratitudine al professionista <strong>psichiatra Gavino Maieli<\/strong> che ha denunciato i maltrattamenti e ha subito un procedimento disciplinare da parte della Dirigenza dell\u2019Ospedale.<\/p>\n<p>Esprimiamo solidariet\u00e0 alla famiglia e restiamo a disposizione.<\/p>\n<p>Liana Baroni<\/p>\n<p>Presidente Angsa Nazionale<\/p>\n<p>&nbsp;<\/p>\n<p>Roma, 25 Novembre 2014<\/p>\n<p>&nbsp;<\/p>\n<p>Angsa*: Ci sia consentito, brevemente, di presentarci.\u00a0ANGSA onlus \u00e8 la Federazione nazionale, presente in tutte le regioni, che si occupa specificamente di persone con autismo da trent\u2019anni, unica in Italia che possa vantare questa \u201canzianit\u00e0\u201d di servizio. Tale specificit\u00e0 di impegno e di esperienze, nonch\u00e9 il grande patrimonio di conoscenze sull\u2019argomento, che negli anni abbiamo accumulato, ci abilitano a presentare, tra l\u2019altro, le considerazioni espresse. In questi giorni ANGSA si sta impegnando a favore di un intervento legislativo nazionale che chiarisca le modalit\u00e0 di gestione dell\u2019autismo, al fine di renderle omogenee sul territorio, dalla \u201cpresa in carico\u201d alle metodiche operative validate a livello internazionale, alla formazione degli insegnanti, alla gestione dell\u2019adulto, al sostegno alla \u201cfamiglia autistica\u201d, etc.<\/p>\n<p>L\u2019autismo, infatti, rappresenta una condizione molto eterogenea sul piano clinico, caratterizzata da un disturbo del neuro sviluppo caratterizzato da deficit relazionale, pi\u00f9 o meno grave, di comunicazione e cognitivo che si manifesta, sostanzialmente, nell\u2019incapacit\u00e0 di interpretare il comportamento altrui e quindi di agire di conseguenza. Questo deficit ha origine genetica e sono molti i geni per i quali \u00e8 stato dimostrato un \u201clegame\u201d con l\u2019autismo; se ne scoprono continuamente di nuovi. Purtroppo non \u00e8 ancora stato trovato il \u201cdenominatore comune\u201d e pertanto siamo ben lontani da qualsiasi ipotesi di cura.<\/p>\n<p>Quello che finora la Comunit\u00e0 Scientifica ha proposto, come risorsa in grado di incidere positivamente per aumentare l\u2019autonomia e agevolare l\u2019inserimento sociale degli autistici, sono le tecniche cognitivo comportamentali che, se applicate con costanza, con rigore e nel rispetto delle difficolt\u00e0 del paziente, consentono di acquisire quelle autonomie (come lavarsi, vestirsi, imparare regole sociali.. etc.) che agevolano una vita di relazione permettendo, grazie ad essa, la massima inclusione.<\/p>\n<p>&nbsp;<\/p>\n<p>Fonte Corriere della sera<\/p>\n<p>I FATTI RISALGONO AL 2012: SEDICENNE ERA STATO RICOVERATO \u00abA SCOPO PRECAUZIONALE\u00bb<\/p>\n<p>Deve avere avuto paura ogni giorno, dei cinque mesi trascorsi nel Reparto B del Servizio psichiatrico di diagnosi e cura dell\u2019ospedale di Alzano Lombardo. Deve avere avuto paura quando \u00e8 stato legato mani e piedi per diciassette ore al giorno per una settimana intera: \u00abA scopo precauzionale\u00bb, secondo il medico che supervisionava il suo caso. Deve avere avuto paura la notte del 6 agosto 2012, quando \u00e8 stato costretto e lasciato solo chiuso a chiave dentro la sua stanza. E infine deve aver avuto paura ogni notte, dal 27 marzo al 22 agosto di quell\u2019anno, mentre veniva sottoposto a \u00abcontenzione notturna\u00bb con una fascia addominale e cavigliere per \u00abprevenire\u00bb eventuali atti aggressivi verso di s\u00e9 o verso gli altri.<\/p>\n<p>Questa storia, sconcertante gi\u00e0 per un adulto, ha per protagonista un sedicenne, ai tempi dei fatti, con diagnosi di psicosi autistica e ritardo mentale. Era stato ricoverato ad Alzano Lombardo, nella sezione che fa riferimento al Dipartimento di salute mentale dell\u2019Azienda ospedaliera Bolognini di Seriate. Appena arrivato lo avevano sistemato nel reparto degli adulti perch\u00e9 non erano disponibili altri letti, ma poi \u00e8 stato tenuto l\u00ec per tutta la degenza, durata cinque mesi. Contro i metodi di assistenza riservati al ragazzino, lo psichiatra Gavino Maieli, che prestava e presta tuttora servizio in quella struttura, ha presentato una denuncia alla Procura di Bergamo, assistito dal suo legale Isacco L. Sacco.<\/p>\n<p>I fatti raccontati fanno ipotizzare l\u2019abuso di mezzi di correzione su minore, maltrattamenti, violenza privata, lesioni psichiatriche gravi, sequestro di persona: tutto aggravato dallo stato psichico dell\u2019adolescente e dalla sua chiara incapacit\u00e0 di intendere e di volere. Il pm Letizia Ruggeri (la stessa che sta seguendo il caso di Yara Gambirasio) ha aperto un fascicolo. Che il giovane paziente durante le sue crisi necessitasse di essere legato \u00e8 verosimile. Si tratta di un intervento molto aggressivo giustificato dal fatto che chi sta male rischia di fare del male a se stesso e ad altre persone. Tuttavia la contenzione fisica non soltanto si deve praticare in casi estremi, ma deve durare per il tempo strettamente necessario al superamento della fase acuta.<\/p>\n<p>Eppure, nel resoconto ufficiale fornito dall\u2019azienda ospedaliera sulle contenzioni documentate durante il 2012, emerge che quell\u2019anno sono stati legati 34 pazienti per un totale di 3.872 ore: di queste, quasi il 57%, cio\u00e8 2.192 ore, sono state inferte al ragazzino autistico, con una media di circa quattordici ore al giorno. Nella denuncia si contesta anche il fatto che la madre del sedicenne non sempre veniva informata sul trattamento riservato al figlio. In particolare, il 3 agosto 2012 nella cartella clini ca venne data l\u2019indicazione di contenere il ragazzino ai quattro arti durante la notte \u00abin via sperimentale\u00bb per fare uno \u00absvezzamento\u00bb con il permesso e l\u2019autorizzazione della mamma, che sarebbe dovuta essere allontanata dopo che il paziente si fosse addormentato.<\/p>\n<p>Questo sarebbe dovuto servire per interrompere il legame simbiotico tra madre e figlio. Eppure la donna, non soltanto non era stata consultata, ma non aveva autorizzato un simile trattamento. Tant\u2019\u00e8 che il giorno dopo una dottoressa si scus\u00f2 con lei. Maieli ha motivo di credere che la stessa cartella clinica sia stata manipolata: \u00abIn numerose pagine risulta modificata in maniera quantomeno impropria la numerazione, con \u201csalti\u201d anche di 30 pagine\u00bb. Sar\u00e0 la dottoressa Ruggeri a fare chiarezza.<\/p>\n<p>[gview file=&#8221;http:\/\/veneto.angsa.it\/wp-content\/uploads\/sites\/4\/2014\/12\/comunicato-stampa-abuso-di-contenzione.pdf&#8221;]\u00a0\u200b<\/p>\n","protected":false},"excerpt":{"rendered":"<p>Quando rimbalzano sui giornali notizie come quella accaduta nel 2012 nel Servizio psichiatrico di diagnosi e cura dell\u2019ospedale di Alzano Lombardo, in cui un sedicenne \u00e8 stato ricoverato per cinque mesi con abuso di mezzi di contenzione, l\u2019angoscia ci attanaglia e ci chiediamo come queste cose possano succedere. Eppure l\u2019articolo del Corriere della Sera del [&hellip;]<\/p>\n","protected":false},"author":1,"featured_media":0,"comment_status":"closed","ping_status":"closed","sticky":false,"template":"","format":"standard","meta":{"site-sidebar-layout":"default","site-content-layout":"","ast-site-content-layout":"default","site-content-style":"default","site-sidebar-style":"default","ast-global-header-display":"","ast-banner-title-visibility":"","ast-main-header-display":"","ast-hfb-above-header-display":"","ast-hfb-below-header-display":"","ast-hfb-mobile-header-display":"","site-post-title":"","ast-breadcrumbs-content":"","ast-featured-img":"","footer-sml-layout":"","ast-disable-related-posts":"","theme-transparent-header-meta":"","adv-header-id-meta":"","stick-header-meta":"","header-above-stick-meta":"","header-main-stick-meta":"","header-below-stick-meta":"","astra-migrate-meta-layouts":"default","ast-page-background-enabled":"default","ast-page-background-meta":{"desktop":{"background-color":"","background-image":"","background-repeat":"repeat","background-position":"center center","background-size":"auto","background-attachment":"scroll","background-type":"","background-media":"","overlay-type":"","overlay-color":"","overlay-opacity":"","overlay-gradient":""},"tablet":{"background-color":"","background-image":"","background-repeat":"repeat","background-position":"center center","background-size":"auto","background-attachment":"scroll","background-type":"","background-media":"","overlay-type":"","overlay-color":"","overlay-opacity":"","overlay-gradient":""},"mobile":{"background-color":"","background-image":"","background-repeat":"repeat","background-position":"center center","background-size":"auto","background-attachment":"scroll","background-type":"","background-media":"","overlay-type":"","overlay-color":"","overlay-opacity":"","overlay-gradient":""}},"ast-content-background-meta":{"desktop":{"background-color":"var(--ast-global-color-5)","background-image":"","background-repeat":"repeat","background-position":"center center","background-size":"auto","background-attachment":"scroll","background-type":"","background-media":"","overlay-type":"","overlay-color":"","overlay-opacity":"","overlay-gradient":""},"tablet":{"background-color":"var(--ast-global-color-5)","background-image":"","background-repeat":"repeat","background-position":"center center","background-size":"auto","background-attachment":"scroll","background-type":"","background-media":"","overlay-type":"","overlay-color":"","overlay-opacity":"","overlay-gradient":""},"mobile":{"background-color":"var(--ast-global-color-5)","background-image":"","background-repeat":"repeat","background-position":"center center","background-size":"auto","background-attachment":"scroll","background-type":"","background-media":"","overlay-type":"","overlay-color":"","overlay-opacity":"","overlay-gradient":""}},"footnotes":""},"categories":[8,14],"tags":[55,112,207],"class_list":["post-2562","post","type-post","status-publish","format-standard","hentry","category-news","category-senza-categoria","tag-abuso","tag-autismo","tag-contenzione"],"jetpack_featured_media_url":"","_links":{"self":[{"href":"https:\/\/angsaveneto.it\/index.php?rest_route=\/wp\/v2\/posts\/2562","targetHints":{"allow":["GET"]}}],"collection":[{"href":"https:\/\/angsaveneto.it\/index.php?rest_route=\/wp\/v2\/posts"}],"about":[{"href":"https:\/\/angsaveneto.it\/index.php?rest_route=\/wp\/v2\/types\/post"}],"author":[{"embeddable":true,"href":"https:\/\/angsaveneto.it\/index.php?rest_route=\/wp\/v2\/users\/1"}],"replies":[{"embeddable":true,"href":"https:\/\/angsaveneto.it\/index.php?rest_route=%2Fwp%2Fv2%2Fcomments&post=2562"}],"version-history":[{"count":0,"href":"https:\/\/angsaveneto.it\/index.php?rest_route=\/wp\/v2\/posts\/2562\/revisions"}],"wp:attachment":[{"href":"https:\/\/angsaveneto.it\/index.php?rest_route=%2Fwp%2Fv2%2Fmedia&parent=2562"}],"wp:term":[{"taxonomy":"category","embeddable":true,"href":"https:\/\/angsaveneto.it\/index.php?rest_route=%2Fwp%2Fv2%2Fcategories&post=2562"},{"taxonomy":"post_tag","embeddable":true,"href":"https:\/\/angsaveneto.it\/index.php?rest_route=%2Fwp%2Fv2%2Ftags&post=2562"}],"curies":[{"name":"wp","href":"https:\/\/api.w.org\/{rel}","templated":true}]}}