{"id":2535,"date":"2014-11-10T08:43:53","date_gmt":"2014-11-10T08:43:53","guid":{"rendered":"http:\/\/www.angsavenetoonlus.org\/?p=2535"},"modified":"2014-11-10T08:43:53","modified_gmt":"2014-11-10T08:43:53","slug":"il-bambino-che-parlava-con-la-luce","status":"publish","type":"post","link":"https:\/\/angsaveneto.it\/?p=2535","title":{"rendered":"Il bambino che parlava con la luce"},"content":{"rendered":"<p>Una recensione di Gianfranco Vitale<\/p>\n<p><span style=\"font-size: 16px\">&#8230;che parlando del libro\u00a0<\/span><span style=\"font-size: 16px\">Il Bambino che parlava con la luce<\/span><span style=\"font-size: 16px\">\u00a0del Dr. Maurizio Arduino, testimonia anche la sua esperienza personale di padre di un adulto con autismo. Pieno apprezzamento per il libro che parla di buone esperienze di inclusione di bambini con autismo. E un appello per non dimenticare che i bambini con autismo diventano adulti e tutto il lavoro fatto pu\u00f2 essere vanificato da una mancanza di progettualit\u00e0 per questa fase della vita in cui la perdita di una identit\u00e0 di trattamento\u00a0\u00a0pu\u00f2 determinare la regressione e la perdita di una vita dignitosa<\/span><\/p>\n<p><a href=\"http:\/\/www.superando.it\/2014\/11\/04\/il-bambino-che-parlava-con-la-luce\/\" target=\"_blank\" rel=\"noopener\">http:\/\/www.superando.it\/2014\/11\/04\/il-bambino-che-parlava-con-la-luce\/<\/a><\/p>\n<p><span style=\"font-size: 16px\">Gianfranco Vitale*<\/span><span style=\"font-size: 16px\">Padre di una persona con autismo trentatreenne, insegnante e scrittore, autore del libro\u00a0<\/span><a style=\"font-size: 16px\" href=\"http:\/\/scientifica.vanninieditrice.it\/schedalibro.asp?ID=279\" target=\"_blank\" rel=\"noopener\">Mio figlio \u00e8 autistico<\/a><span style=\"font-size: 16px\">\u00a0(Vannini, 2013).<\/span><\/p>\n","protected":false},"excerpt":{"rendered":"<p>Una recensione di Gianfranco Vitale &#8230;che parlando del libro\u00a0Il Bambino che parlava con la luce\u00a0del Dr. Maurizio Arduino, testimonia anche la sua esperienza personale di padre di un adulto con autismo. Pieno apprezzamento per il libro che parla di buone esperienze di inclusione di bambini con autismo. E un appello per non dimenticare che i [&hellip;]<\/p>\n","protected":false},"author":1,"featured_media":0,"comment_status":"closed","ping_status":"closed","sticky":false,"template":"","format":"standard","meta":{"site-sidebar-layout":"default","site-content-layout":"","ast-site-content-layout":"default","site-content-style":"default","site-sidebar-style":"default","ast-global-header-display":"","ast-banner-title-visibility":"","ast-main-header-display":"","ast-hfb-above-header-display":"","ast-hfb-below-header-display":"","ast-hfb-mobile-header-display":"","site-post-title":"","ast-breadcrumbs-content":"","ast-featured-img":"","footer-sml-layout":"","ast-disable-related-posts":"","theme-transparent-header-meta":"","adv-header-id-meta":"","stick-header-meta":"","header-above-stick-meta":"","header-main-stick-meta":"","header-below-stick-meta":"","astra-migrate-meta-layouts":"default","ast-page-background-enabled":"default","ast-page-background-meta":{"desktop":{"background-color":"","background-image":"","background-repeat":"repeat","background-position":"center center","background-size":"auto","background-attachment":"scroll","background-type":"","background-media":"","overlay-type":"","overlay-color":"","overlay-opacity":"","overlay-gradient":""},"tablet":{"background-color":"","background-image":"","background-repeat":"repeat","background-position":"center center","background-size":"auto","background-attachment":"scroll","background-type":"","background-media":"","overlay-type":"","overlay-color":"","overlay-opacity":"","overlay-gradient":""},"mobile":{"background-color":"","background-image":"","background-repeat":"repeat","background-position":"center center","background-size":"auto","background-attachment":"scroll","background-type":"","background-media":"","overlay-type":"","overlay-color":"","overlay-opacity":"","overlay-gradient":""}},"ast-content-background-meta":{"desktop":{"background-color":"var(--ast-global-color-5)","background-image":"","background-repeat":"repeat","background-position":"center center","background-size":"auto","background-attachment":"scroll","background-type":"","background-media":"","overlay-type":"","overlay-color":"","overlay-opacity":"","overlay-gradient":""},"tablet":{"background-color":"var(--ast-global-color-5)","background-image":"","background-repeat":"repeat","background-position":"center center","background-size":"auto","background-attachment":"scroll","background-type":"","background-media":"","overlay-type":"","overlay-color":"","overlay-opacity":"","overlay-gradient":""},"mobile":{"background-color":"var(--ast-global-color-5)","background-image":"","background-repeat":"repeat","background-position":"center center","background-size":"auto","background-attachment":"scroll","background-type":"","background-media":"","overlay-type":"","overlay-color":"","overlay-opacity":"","overlay-gradient":""}},"footnotes":""},"categories":[8,14],"tags":[],"class_list":["post-2535","post","type-post","status-publish","format-standard","hentry","category-news","category-senza-categoria"],"jetpack_featured_media_url":"","_links":{"self":[{"href":"https:\/\/angsaveneto.it\/index.php?rest_route=\/wp\/v2\/posts\/2535","targetHints":{"allow":["GET"]}}],"collection":[{"href":"https:\/\/angsaveneto.it\/index.php?rest_route=\/wp\/v2\/posts"}],"about":[{"href":"https:\/\/angsaveneto.it\/index.php?rest_route=\/wp\/v2\/types\/post"}],"author":[{"embeddable":true,"href":"https:\/\/angsaveneto.it\/index.php?rest_route=\/wp\/v2\/users\/1"}],"replies":[{"embeddable":true,"href":"https:\/\/angsaveneto.it\/index.php?rest_route=%2Fwp%2Fv2%2Fcomments&post=2535"}],"version-history":[{"count":0,"href":"https:\/\/angsaveneto.it\/index.php?rest_route=\/wp\/v2\/posts\/2535\/revisions"}],"wp:attachment":[{"href":"https:\/\/angsaveneto.it\/index.php?rest_route=%2Fwp%2Fv2%2Fmedia&parent=2535"}],"wp:term":[{"taxonomy":"category","embeddable":true,"href":"https:\/\/angsaveneto.it\/index.php?rest_route=%2Fwp%2Fv2%2Fcategories&post=2535"},{"taxonomy":"post_tag","embeddable":true,"href":"https:\/\/angsaveneto.it\/index.php?rest_route=%2Fwp%2Fv2%2Ftags&post=2535"}],"curies":[{"name":"wp","href":"https:\/\/api.w.org\/{rel}","templated":true}]}}