{"id":2490,"date":"2014-09-24T10:17:27","date_gmt":"2014-09-24T10:17:27","guid":{"rendered":"http:\/\/www.angsa.it\/?p=2490"},"modified":"2014-09-24T10:17:27","modified_gmt":"2014-09-24T10:17:27","slug":"intervista-a-lisa-perini","status":"publish","type":"post","link":"https:\/\/angsaveneto.it\/?p=2490","title":{"rendered":"Intervista a Lisa Perini &#8211; Dicembre 2013"},"content":{"rendered":"<p>L\u2019intervista\u00a0\u201cIo Lisa, le mie esperienze di vita di arte e le mie difficolt\u00e0. Le mie soddisfazioni e i miei disagi\u201d\u00a0con l\u2019artista Lisa Perini racconta il vissuto di una persona con autismo.<\/p>\n<p>La Dott.ssa Lisa Perini Laurea Specialistica in pittura all&#8217;accademia di Belle Arti di Venezia, lavora e risiede a Treviso, ha avuto il suo primo riconoscimento nel 1997 a Burgos in Spagna con il Primo Premio Pittura, ha esposto le sue opere presso numerose mostre, nazionali ed internazionali.<br \/>\nQuando a 3 anni ai familiari qualcuno suggeriva di mettere Lisa in un Istituto, perch\u00e9 aveva problemi di comunicazione e disturbi del comportamento, la famiglia ha rifiutato e ha lottato per dare pari opportunit\u00e0 di crescita a Lisa.<br \/>\nLe abilit\u00e0 di Lisa nell&#8217;espressione artistica e grafica rappresentano il risultato di un lavoro enorme compiuto dalla sua Famiglia e dagli Educatori che l\u2019hanno seguita per anni, per sviluppare quelle attivit\u00e0 emergenti che la giovane artista ha fatto intravvedere fin dalla pi\u00f9 tenera et\u00e0.<br \/>\nLisa, da piccola ha dimostrato una particolare attenzione ed empatia per i colori, il disegno e i lavori all&#8217;uncinetto con una buona manualit\u00e0.<br \/>\nLa bravura della sua Famiglia e degli Educatori \u00e8 stata quella di far leva su questi punti di forza per\u00a0avviare un programma di attivit\u00e0 in grado di affinare e migliorare queste attitudini. Questo lungo lavoro ha dato frutti grazie alla perseveranza e alle gratificazioni che sono state tratte dalle sue opere.<br \/>\nI risultati sono ammirabili e verranno proiettate delle opere durante l\u2019intervista.<br \/>\nLasciamoci coinvolgere da tanta abilit\u00e0 nell&#8217;assemblare e dare vita ai colori e nella sicurezza e ricercatezza del disegno.<\/p>\n<p><strong>Io Lisa, le mie esperienze di vita di arte e le mie difficolt\u00e0. Le mie soddisfazioni e i miei disagi.<\/strong><br \/>\nSono Lisa Perini, sono una pittrice. Parler\u00f2 di me sia come artista che come persona con autismo solo perch\u00e9 so che ci\u00f2 pu\u00f2 essere utile agli altri ragazzi come me, che hanno difficolt\u00e0 nell&#8217;esprimersi e nel manifestare le proprie esperienze. In breve. Quel che ricordo della mia prima infanzia \u00e8 che con tante persone non avevo voglia di stare. Mi disturbava particolarmente quando mi rivolgevano domande soprattutto se riguardavano la mia persona. Per questa ragione me ne stavo per conto mio, lontana da chi mi innervosiva e anche dai parenti.<\/p>\n<p><strong>Dott.ssa Lisa lei ha avuto la possibilit\u00e0 e la capacit\u00e0 di esprimersi attraverso la pittura. Chi l\u2019ha aiutata in questo percorso e com\u2019\u00e8 cominciata la sua passione per la pittura?<\/strong><br \/>\nDa piccola facevo un po\u2019 tutto quello che facevano i bimbi, mi divertivo con gli schizzi d\u2019acqua, a sbattere le uova dalla nonna, ecc o altre cose simili. Ho cominciato i giochi con le bambole quando andavo alle medie, cos\u00ec pure ho cominciato ad appassionarmi alla televisione con Cristina D\u2019Avena che ho seguito molto. Ma in particolare mi attraevano i colori per i quali avevo un\u2019empatia particolare (calde lane colorate, scintillanti perle di vetro, i fiori e le foglie particolarmente in autunno) e \u201csentivo\u201d la necessit\u00e0 di fermare, di toccare questi colori. Sono sempre stata attratta dai colori vivaci e ho fatto raccolta di penne colorate che ho conservato per tanti anni e con cui ho giocato e riempito di segni e<br \/>\ndisegni nella mia stanza molti quaderni.<\/p>\n<p><strong>Che cosa ricorda della sua infanzia e della scuola?<\/strong><br \/>\nNon volevo ascoltare le favole perch\u00e9 mi impaurivano e neppure leggere i fumetti. Finch\u00e9 una volta i miei familiari mi hanno costretta di forza ad ascoltare la lettura di una storia. Da quel giorno Braccio di Ferro mi ha divertita facendomi ridere e mi ha tenuto compagnia per anni; ho fatto la raccolta di tutti i suoi fumetti.<\/p>\n<p><strong>Quali sono le persone che le sono state pi\u00f9 vicine e l\u2019hanno incoraggiata e istruita\u00a0nell&#8217;uso\u00a0del disegno e del colore?<\/strong><br \/>\nHo un ricordo particolare della maestra Fabiana che all&#8217;asilo mi ha insegnato a disegnare il mio corpo e fare la mia sagoma. In questo periodo i passatempi preferiti sono stati il gioco con le palle colorate e le perline da infilare. Anche le lane variopinte hanno preso un posto particolare nei miei giochi, che con l\u2019aiuto della nonna ho imparato a trasformare in sciarpe e maglie colorate.\u00a0Ho usato penne e pennarelli per disegnare la natura che amo tanto, i miei animali, le amiche scout e miei compagni.<br \/>\nDopo due anni di rumoroso laboratorio sartoriale \u201calle professionali\u201d ho potuto frequentare il corso di grafica ed \u00e8 stata per me una grande gioia finalmente poter approfondire la tecnica del disegno! Mi ha aiutato molto a sviluppare la capacit\u00e0 grafica la successiva scuola professionale di moda. E poi naturalmente l\u2019Istituto d\u2019Arte di Vittorio Veneto.<\/p>\n<p><strong>C\u2019\u00e8 qualche ricordo a lei particolarmente caro?<\/strong><br \/>\nIn quel tempo ho vinto a Burgos il primo premio al concorso internazionale di pittura di persone con autismo e questo ha spinto la mia famiglia a incoraggiarmi verso la pittura. Il mio professore di sostegno con il diploma dell\u2019Istituto d\u2019Arte ha presentato i miei disegni all\u2019Accademia di Belle Arti di Venezia dove i professori Luigi Viola e il compianto Giorgio Nonveiller mi hanno accolta.<\/p>\n<p><strong>C\u2019\u00e8 un episodio che le ha causato amarezza e dolore di cui ci pu\u00f2 parlare?<\/strong><br \/>\nHo subito dei dispetti da parte di compagni a scuola che mi prendevano in giro e mi facevano paura.<br \/>\nRicordo che una volta, in pullman hanno rotto il mio ombrello che mi era particolarmente caro. Non mi fa piacere ricordare queste cose che mi creano anche ora stati di ansia e di turbamento.<\/p>\n<p><strong>Ci parla dei suoi amici?<\/strong><br \/>\nHo degli amici con cui condivido dei momenti piacevoli, quello che apprezzo di pi\u00f9 nelle persone che mi sono vicine \u00e8 il rispetto che hanno per la mia sincerit\u00e0 e per la mia difficolt\u00e0 di essere sempre disponibile.<br \/>\nNon riesco a sentirmi a mio agio con persone che continuano a parlare e si aspettano che io abbia dei comportamenti pazienti e tolleranti.<\/p>\n<p><strong>Che cosa le causa disturbo negli ambienti che frequenta?<\/strong><br \/>\nNon mi piacciono i rumori e odori forti e il sentire parlare in continuazione.<\/p>\n<p><strong>Le piacciono i regali e le sorprese? Le piace viaggiare?<\/strong><br \/>\nMi piacciono i regali e anche viaggiare perch\u00e9 sono curiosa.<\/p>\n<p><strong>Ha un sogno da realizzare?<\/strong><br \/>\nAvere successo come artista ed esporre nelle capitali internazionali.<\/p>\n<p>Grazie<br \/>\nDicembre 2013<\/p>\n","protected":false},"excerpt":{"rendered":"<p>L\u2019intervista\u00a0\u201cIo Lisa, le mie esperienze di vita di arte e le mie difficolt\u00e0. Le mie soddisfazioni e i miei disagi\u201d\u00a0con l\u2019artista Lisa Perini racconta il vissuto di una persona con autismo. La Dott.ssa Lisa Perini Laurea Specialistica in pittura all&#8217;accademia di Belle Arti di Venezia, lavora e risiede a Treviso, ha avuto il suo primo [&hellip;]<\/p>\n","protected":false},"author":1,"featured_media":0,"comment_status":"closed","ping_status":"closed","sticky":false,"template":"","format":"standard","meta":{"site-sidebar-layout":"default","site-content-layout":"","ast-site-content-layout":"default","site-content-style":"default","site-sidebar-style":"default","ast-global-header-display":"","ast-banner-title-visibility":"","ast-main-header-display":"","ast-hfb-above-header-display":"","ast-hfb-below-header-display":"","ast-hfb-mobile-header-display":"","site-post-title":"","ast-breadcrumbs-content":"","ast-featured-img":"","footer-sml-layout":"","ast-disable-related-posts":"","theme-transparent-header-meta":"","adv-header-id-meta":"","stick-header-meta":"","header-above-stick-meta":"","header-main-stick-meta":"","header-below-stick-meta":"","astra-migrate-meta-layouts":"default","ast-page-background-enabled":"default","ast-page-background-meta":{"desktop":{"background-color":"","background-image":"","background-repeat":"repeat","background-position":"center center","background-size":"auto","background-attachment":"scroll","background-type":"","background-media":"","overlay-type":"","overlay-color":"","overlay-opacity":"","overlay-gradient":""},"tablet":{"background-color":"","background-image":"","background-repeat":"repeat","background-position":"center center","background-size":"auto","background-attachment":"scroll","background-type":"","background-media":"","overlay-type":"","overlay-color":"","overlay-opacity":"","overlay-gradient":""},"mobile":{"background-color":"","background-image":"","background-repeat":"repeat","background-position":"center center","background-size":"auto","background-attachment":"scroll","background-type":"","background-media":"","overlay-type":"","overlay-color":"","overlay-opacity":"","overlay-gradient":""}},"ast-content-background-meta":{"desktop":{"background-color":"var(--ast-global-color-5)","background-image":"","background-repeat":"repeat","background-position":"center center","background-size":"auto","background-attachment":"scroll","background-type":"","background-media":"","overlay-type":"","overlay-color":"","overlay-opacity":"","overlay-gradient":""},"tablet":{"background-color":"var(--ast-global-color-5)","background-image":"","background-repeat":"repeat","background-position":"center center","background-size":"auto","background-attachment":"scroll","background-type":"","background-media":"","overlay-type":"","overlay-color":"","overlay-opacity":"","overlay-gradient":""},"mobile":{"background-color":"var(--ast-global-color-5)","background-image":"","background-repeat":"repeat","background-position":"center center","background-size":"auto","background-attachment":"scroll","background-type":"","background-media":"","overlay-type":"","overlay-color":"","overlay-opacity":"","overlay-gradient":""}},"footnotes":""},"categories":[6,14],"tags":[],"class_list":["post-2490","post","type-post","status-publish","format-standard","hentry","category-interviste","category-senza-categoria"],"jetpack_featured_media_url":"","_links":{"self":[{"href":"https:\/\/angsaveneto.it\/index.php?rest_route=\/wp\/v2\/posts\/2490","targetHints":{"allow":["GET"]}}],"collection":[{"href":"https:\/\/angsaveneto.it\/index.php?rest_route=\/wp\/v2\/posts"}],"about":[{"href":"https:\/\/angsaveneto.it\/index.php?rest_route=\/wp\/v2\/types\/post"}],"author":[{"embeddable":true,"href":"https:\/\/angsaveneto.it\/index.php?rest_route=\/wp\/v2\/users\/1"}],"replies":[{"embeddable":true,"href":"https:\/\/angsaveneto.it\/index.php?rest_route=%2Fwp%2Fv2%2Fcomments&post=2490"}],"version-history":[{"count":0,"href":"https:\/\/angsaveneto.it\/index.php?rest_route=\/wp\/v2\/posts\/2490\/revisions"}],"wp:attachment":[{"href":"https:\/\/angsaveneto.it\/index.php?rest_route=%2Fwp%2Fv2%2Fmedia&parent=2490"}],"wp:term":[{"taxonomy":"category","embeddable":true,"href":"https:\/\/angsaveneto.it\/index.php?rest_route=%2Fwp%2Fv2%2Fcategories&post=2490"},{"taxonomy":"post_tag","embeddable":true,"href":"https:\/\/angsaveneto.it\/index.php?rest_route=%2Fwp%2Fv2%2Ftags&post=2490"}],"curies":[{"name":"wp","href":"https:\/\/api.w.org\/{rel}","templated":true}]}}