{"id":2055,"date":"2014-07-03T08:01:48","date_gmt":"2014-07-03T08:01:48","guid":{"rendered":"http:\/\/www.angsa.it\/?p=2055"},"modified":"2014-07-03T08:01:48","modified_gmt":"2014-07-03T08:01:48","slug":"intervista-a-massimo-1-ottobre-2005","status":"publish","type":"post","link":"https:\/\/angsaveneto.it\/?p=2055","title":{"rendered":"Intervista a Massimo &#8211; 1 ottobre 2005"},"content":{"rendered":"<p>MASSIMO,\u00a0classe 1948; a 53 anni accusa i primi sintomi della\u00a0<a href=\"http:\/\/www.angsaonlus.org\/veneto\/intervista_mas.html#top\">Sclerosi Multipla<\/a>. La malattia gli cambia la vita ma non scalfisce i valori in cui crede e che lo fanno persona attenta alle necessit\u00e0 del prossimo. Massimo lavora e vive in provincia di Vicenza.<\/p>\n<p>Dapprima i sintomi lievi, subdoli ma fastidiosi, poi il darsi da fare per avere una diagnosi e infine le speranze riposte in una terapia; come hai vissuto questo momento della tua vita?<\/p>\n<blockquote><p>Prima del 2001, anno in cui sono cominciati i primi problemi di salute, conducevo una vita molto intensa, quasi frenetica.<\/p>\n<p>Nel &#8217;90 adottai due bambine Cilene di 4 e 6 anni: mi dividevo tra la famiglia, un lavoro impegnativo, la conduzione di una &#8220;mini&#8221; fattoria (con vigneto, cavalli, conigli, galline, piccioni, cani e gatti) e nei ritagli di tempo mi dedicavo a qualche hobby. Cento cose facevo e mille nuove ne progettavo! Nel 2001 una forte stanchezza ridusse progressivamente le mie energie limitando le mie attivit\u00e0. Successivamente la situazione si aggrav\u00f2 interessando gli arti di sinistra, con formicolio e mancanza di sensibilit\u00e0. Le risonanze magnetiche alle quali mi sottoposi riscontrarono lesioni cerebrali e midollari. I vari specialisti che consultai ipotizzarono diverse cause: da &#8220;malato immaginario &#8221; ad affetto da sclerosi laterale amiotrofica (un tipo di sclerosi multipla che porta alla morte in poco tempo), poi la sclerosi multipla classica e infine una malattia demielinizzante rara di tipo idiopatico. Questo &#8220;non sapere&#8221; cosa mi stava succedendo, e quindi la conseguente impossibilit\u00e0 di curarmi al meglio e combattere la malattia, mi cre\u00f2 fra l\u2019altro un &#8220;vuoto psicologico&#8221;. Un altro grosso problema che dovetti affrontare, fu la difficolt\u00e0 ad accettare la nuova realt\u00e0 e quindi il dover adattare un nuovo stile di vita su misura per la nuova situazione.<\/p><\/blockquote>\n<p><a name=\"ntp\"><\/a>Lungo la tua strada hai conosciuto l&#8217;associazione\u00a0<a href=\"http:\/\/www.angsaonlus.org\/veneto\/intervista_mas.html#ntp\">Noi per te<\/a>; che ruolo hanno avuto questi nuovi amici nell&#8217;aiutarti a comprendere e accettare quello che ti \u00e8 capitato?<\/p>\n<blockquote><p>Lungo questo percorso, in pi\u00f9 occasioni, ho conosciuto tante persone splendide che, accomunate da una malattia, non hanno maschere n\u00e9 desideri di prevaricazione sugli altri; questo consente confronti profondi, anche fra ceti sociali diversi. \u00c8 da queste esperienze che ho sentito pi\u00f9 marcato il bisogno di confrontarmi con gli altri e specialmente con chi ha bisogno di aiuto. Un giorno conobbi una signora ammalata di Sclerosi Multipla che a seguito di una lettera ad un giornale, ricevette talmente tante risposte dai lettori, che nacque l\u2019idea di fondare un\u2019associazione di aiuto reciproco. Questa associazione propone servizi di informazione, ma soprattutto \u00e8 un punto di incontro e dialogo alla pari tra persone umili che non hanno niente da perdere ma molto da dare: all\u2019interno del gruppo ci si sente a proprio agio perch\u00e9 accettati, ascoltati, aiutati, tutti sullo stesso piano.<\/p><\/blockquote>\n<p>Nel 2004 hai frequentato un corso per facilitatori di gruppi di mutuo aiuto organizzato dal Centro Studi Erickson di Trento. Ci racconti questa esperienza?<\/p>\n<blockquote><p>A seguito di queste esperienze e allo scopo di rafforzare e consolidare il gruppo, alcuni di noi hanno partecipato a dei corsi di specializzazione per &#8220;facilitatori di gruppo&#8221;. Lo scopo non era assolutamente quello di formare capi, ma semplicemente dei &#8220;facilitatori&#8221; capaci di far emergere le problematiche e le potenzialit\u00e0 risolutive dei singoli componenti e quindi del gruppo nel suo insieme. \u00c8 stata un\u2019esperienza molto significativa e utile, che mi ha aiutato a capire quanto siano falsi i valori fondati sul consumismo, sullo spreco, sulla prevaricazione e quanto siano profondi e veri invece, quelli fondati su un rapporto rispettoso verso gli altri e verso la natura. E\u2019 stata un\u2019esperienza che ci ha lasciato tracce profonde e che consiglio a tutti quelli che &#8220;lavorano&#8221; con gruppi di qualsiasi tipo.<\/p><\/blockquote>\n<p>Agli incontri periodici dell&#8217;associazione partecipa anche la mamma di un ragazzo con Disturbi dello Sviluppo. Ci puoi raccontare, con il suo aiuto, come riesce a conciliare i propri problemi di salute con le difficolt\u00e0 del figlio?<\/p>\n<blockquote><p>Ho girato la domanda a Giulia ed ecco la risposta che ho ricevuto:<\/p>\n<p>&#8220;Ho quarant&#8217;anni, dopo essermi laureata in psicologia nel 1989, nel 1991 mi sono sposata.<\/p>\n<p>Il mio progetto era di avere subito un figlio, per dedicarmi poi ad una realizzazione professionale inerente ai miei studi.<\/p>\n<p>Un anno dopo, con grande gioia, ho scoperto di aspettare un bambino. Ho vissuto questa gravidanza come il periodo pi\u00f9 bello della mia vita. Purtroppo il destino ha voluto interrompere questa mia felicit\u00e0, perch\u00e9 all&#8217;ottavo mese di gravidanza, ho dovuto mettere alla luce il mio bambino in quanto vi era una sofferenza tale che lo metteva in pericolo di vita.<\/p>\n<p>I medici hanno subito detto che mio figlio avrebbe avuto uno sviluppo problematico e che necessitava di essere molto seguito. A questo punto ho scelto di rinunciare al mio lavoro e di mettere a frutto le mie conoscenze per seguire al meglio mio figlio.<\/p>\n<p>I problemi si sono presentati da subito, con difficolt\u00e0 nell&#8217;alimentazione, un ritardo nella deambulazione e nel controllo sfinterico. Il problema pi\u00f9 grosso, per\u00f2, \u00e8 stato il fatto che a due anni e mezzo ancora non parlava. A questo si aggiungeva un&#8217;ansia legata al fatto di non essere compreso subito in ci\u00f2 che cercava di esprimere, associata a comportamenti ripetitivi e ossessivi. Quando abbiamo tentato di rivolgerci a qualche specialista, ci siamo sentiti dire che se il bambino non parlava, era colpa nostra, perch\u00e9 abbiamo due modi diversi di approcciarci a lui: io troppo dolce e permissiva e mio marito pi\u00f9 razionale. A questo primo colpo inferto a noi come genitori, si \u00e8 aggiunto, al momento dell&#8217;inserimento all&#8217;asilo, il rifiuto degli altri genitori, l&#8217;insofferenza delle insegnanti e conseguente mancata accettazione degli altri bambini.<\/p>\n<p><a name=\"cf\"><\/a>In questo periodo, ci\u00f2 che ci \u00e8 stato pi\u00f9 di aiuto \u00e8 stato venire a conoscenza dell&#8217;esistenza di un centro dove veniva praticato il metodo della Comunicazione Facilitata (<a href=\"http:\/\/www.angsaonlus.org\/veneto\/intervista_mas.html#cf\">per saperne di pi\u00f9<\/a>).<\/p>\n<p>Con l&#8217;utilizzo di un computer e facilitando il bambino semplicemente appoggiando la mano sulla sua, si poteva permettergli di scrivere quello che verbalmente non si riusciva a comunicare.<\/p>\n<p>All&#8217;inizio ero molto scettica: come pu\u00f2 un bambino di 3 anni e mezzo poter essere gi\u00e0 in grado di leggere e scrivere? La logopedista \u00e8 riuscita a farmi ricredere.<\/p>\n<p>Mio figlio ha scelto di essere facilitato solo da me, perch\u00e9 questo lo rendeva molto meno ansioso. Alla vista della figura di una palla, con mio grande stupore, ha scritto subito la parola.<\/p>\n<p>Ho voluto metterlo alla prova, perch\u00e9 pensavo di averlo spinto io a scrivere cos\u00ec. La nuova figura era un fiore: ho cercato di fargli scrivere frutto, ma la sua manina tirava verso i tasti giusti ed ha scritto la parola correttamente.<\/p>\n<p>Ogni pomeriggio, cos\u00ec, per circa mezz&#8217;ora utilizzavo con il mio bambino questa tecnica. Tramite questo metodo ho scoperto che lui aveva una capacit\u00e0 mentale ben superiore a quello che dimostrava con il comportamento. Quello che scriveva con il computer era stupefacente.<\/p>\n<p>A sei anni, quando si \u00e8 reso conto che poteva riuscire a parlare, ha rifiutato l&#8217;uso del computer scrivendo: &#8220;Si parla con la bocca, non con le mani&#8221;.<\/p>\n<p>Nel frattempo, la mia salute ha cominciato a dare segni di cedimento. Nel 1996 ho iniziato ad avere i primi sintomi di Sclerosi Multipla, che \u00e8 esordita con una neurite ottica.<\/p>\n<p>Negli anni successivi provavo vari formicolii alle gambe, che per\u00f2 non volevo rassegnarmi a prendere in considerazione perch\u00e9 ritenevo pi\u00f9 importanti i problemi di mio figlio.<\/p>\n<p>Infatti, il rifiuto da parte di genitori, insegnanti e alunni, si \u00e8 ripresentato alle elementari. Gli specialisti si limitavano a darci delle &#8220;ricette&#8221; puramente teoriche, che risultavano inapplicabili per noi e per la scuola.<\/p>\n<p>Solo l&#8217;aiuto, dal terzo anno di due brave insegnanti di sostegno, ha permesso a mio figlio di fare grossi progressi. I problemi, comunque, abbiamo dovuto gestirli io e mio marito: fortunatamente abbiamo una grande intesa! In questo la mia sensibilit\u00e0 e la mia pazienza si dimostrarono provvidenziali.<\/p>\n<p>Con l&#8217;inizio della scuola media la situazione \u00e8 notevolmente migliorata, ancora per merito di brave insegnanti di sostegno e per il fatto che il ragazzo si \u00e8 visto finalmente accettato da insegnanti e compagni di classe: se si rende conto che le persone capiscono e accettano le sue difficolt\u00e0, senza giudicare, e gli danno fiducia, possono ottenere da lui il meglio.<\/p>\n<p>Nel frattempo tre anni fa, lo stress ha peggiorato la mia malattia, ma la frequenza dell&#8217;associazione &#8220;Noi per Te&#8221;, dove ho trovato delle persone splendide, mi \u00e8 stata ed \u00e8 tuttora, di grande aiuto in questi momenti difficili.&#8221;<\/p><\/blockquote>\n<hr \/>\n<p>Fonte:\u00a0<a href=\"http:\/\/www.aism.it\/default.asp\" target=\"_blank\" rel=\"noopener\">www.aism.it\/default.asp<\/a><\/p>\n<p>COMUNICATO STAMPA<\/p>\n<p>15 e 16 ottobre: Una Mela per la Vita compie 10 anni<\/p>\n<p>Per chi vuole conoscere la piazza pi\u00f9 vicina \u00e8 attivo 24 ore su 24 il numero 840.50.20.50 (al costo di un solo scatto da tutta Italia). L\u2019elenco sar\u00e0, inoltre, disponibile a breve sul sito.<\/p>\n<p>Quest\u2019anno &#8220;Una mela per la vita&#8221; compie 10 anni. Sabato 15 e domenica 16 ottobre ritorna infatti in 3.000 piazze italiane il consueto appuntamento con la solidariet\u00e0 per combattere la Sclerosi Multipla, promosso dall\u2019AISM e dalla sua Fondazione, insieme a UNAPROA, la principale unione di produttori ortofrutticoli d\u2019Europa.<\/p>\n<p>Un compleanno che viene festeggiato con la soddisfazione, in questo arco di tempo, di essere riusciti a raccogliere circa 10 milioni di euro che hanno permesso di compiere importanti passi avanti nella ricerca e nell\u2019assistenza offerta alle persone colpite dalla sclerosi multipla.<\/p>\n<p>Una Mela per la Vita nacque infatti 10 anni fa, toccando allora 500 piazze italiane e distribuendo 120 mila sacchetti di mele grazie al lavoro di mille volontari. Dalla prima edizione a oggi, anno dopo anno e grazie alla risposta dei volontari e dei donatori, la manifestazione \u00e8 cresciuta arrivando, con questa decima edizione, a raggiungere 3.000 piazze e a distribuire, grazie a 10.000 volontari, 340 mila sacchetti di mele, per un totale di oltre 4 milioni di mele emiliano-romagnole, fornite dalla Organizzazione di Produttori Apo Conerpo (associata ad Unaproa), di quattro variet\u00e0 (Golden, Granny Smith, Red Delicious e Fuji) proprio per rispondere, in maniera capillare, alla generosit\u00e0 di tutti coloro che, con un piccolo contributo, vogliono continuare a sostenere la lotta alla sclerosi multipla.<\/p>\n<p>I fondi raccolti con &#8220;Una Mela per la Vita&#8221; contribuiranno a finanziare attivit\u00e0 di ricerca scientifica e servizi di assistenza dedicati alle persone con sclerosi multipla.<\/p>\n","protected":false},"excerpt":{"rendered":"<p>MASSIMO,\u00a0classe 1948; a 53 anni accusa i primi sintomi della\u00a0Sclerosi Multipla. La malattia gli cambia la vita ma non scalfisce i valori in cui crede e che lo fanno persona attenta alle necessit\u00e0 del prossimo. Massimo lavora e vive in provincia di Vicenza. Dapprima i sintomi lievi, subdoli ma fastidiosi, poi il darsi da fare [&hellip;]<\/p>\n","protected":false},"author":1,"featured_media":0,"comment_status":"closed","ping_status":"closed","sticky":false,"template":"","format":"standard","meta":{"site-sidebar-layout":"default","site-content-layout":"","ast-site-content-layout":"default","site-content-style":"default","site-sidebar-style":"default","ast-global-header-display":"","ast-banner-title-visibility":"","ast-main-header-display":"","ast-hfb-above-header-display":"","ast-hfb-below-header-display":"","ast-hfb-mobile-header-display":"","site-post-title":"","ast-breadcrumbs-content":"","ast-featured-img":"","footer-sml-layout":"","ast-disable-related-posts":"","theme-transparent-header-meta":"","adv-header-id-meta":"","stick-header-meta":"","header-above-stick-meta":"","header-main-stick-meta":"","header-below-stick-meta":"","astra-migrate-meta-layouts":"default","ast-page-background-enabled":"default","ast-page-background-meta":{"desktop":{"background-color":"","background-image":"","background-repeat":"repeat","background-position":"center center","background-size":"auto","background-attachment":"scroll","background-type":"","background-media":"","overlay-type":"","overlay-color":"","overlay-opacity":"","overlay-gradient":""},"tablet":{"background-color":"","background-image":"","background-repeat":"repeat","background-position":"center center","background-size":"auto","background-attachment":"scroll","background-type":"","background-media":"","overlay-type":"","overlay-color":"","overlay-opacity":"","overlay-gradient":""},"mobile":{"background-color":"","background-image":"","background-repeat":"repeat","background-position":"center center","background-size":"auto","background-attachment":"scroll","background-type":"","background-media":"","overlay-type":"","overlay-color":"","overlay-opacity":"","overlay-gradient":""}},"ast-content-background-meta":{"desktop":{"background-color":"var(--ast-global-color-5)","background-image":"","background-repeat":"repeat","background-position":"center center","background-size":"auto","background-attachment":"scroll","background-type":"","background-media":"","overlay-type":"","overlay-color":"","overlay-opacity":"","overlay-gradient":""},"tablet":{"background-color":"var(--ast-global-color-5)","background-image":"","background-repeat":"repeat","background-position":"center center","background-size":"auto","background-attachment":"scroll","background-type":"","background-media":"","overlay-type":"","overlay-color":"","overlay-opacity":"","overlay-gradient":""},"mobile":{"background-color":"var(--ast-global-color-5)","background-image":"","background-repeat":"repeat","background-position":"center center","background-size":"auto","background-attachment":"scroll","background-type":"","background-media":"","overlay-type":"","overlay-color":"","overlay-opacity":"","overlay-gradient":""}},"footnotes":""},"categories":[6,14],"tags":[],"class_list":["post-2055","post","type-post","status-publish","format-standard","hentry","category-interviste","category-senza-categoria"],"jetpack_featured_media_url":"","_links":{"self":[{"href":"https:\/\/angsaveneto.it\/index.php?rest_route=\/wp\/v2\/posts\/2055","targetHints":{"allow":["GET"]}}],"collection":[{"href":"https:\/\/angsaveneto.it\/index.php?rest_route=\/wp\/v2\/posts"}],"about":[{"href":"https:\/\/angsaveneto.it\/index.php?rest_route=\/wp\/v2\/types\/post"}],"author":[{"embeddable":true,"href":"https:\/\/angsaveneto.it\/index.php?rest_route=\/wp\/v2\/users\/1"}],"replies":[{"embeddable":true,"href":"https:\/\/angsaveneto.it\/index.php?rest_route=%2Fwp%2Fv2%2Fcomments&post=2055"}],"version-history":[{"count":0,"href":"https:\/\/angsaveneto.it\/index.php?rest_route=\/wp\/v2\/posts\/2055\/revisions"}],"wp:attachment":[{"href":"https:\/\/angsaveneto.it\/index.php?rest_route=%2Fwp%2Fv2%2Fmedia&parent=2055"}],"wp:term":[{"taxonomy":"category","embeddable":true,"href":"https:\/\/angsaveneto.it\/index.php?rest_route=%2Fwp%2Fv2%2Fcategories&post=2055"},{"taxonomy":"post_tag","embeddable":true,"href":"https:\/\/angsaveneto.it\/index.php?rest_route=%2Fwp%2Fv2%2Ftags&post=2055"}],"curies":[{"name":"wp","href":"https:\/\/api.w.org\/{rel}","templated":true}]}}