{"id":2046,"date":"2014-07-03T07:57:03","date_gmt":"2014-07-03T07:57:03","guid":{"rendered":"http:\/\/www.angsa.it\/?p=2046"},"modified":"2014-07-03T07:57:03","modified_gmt":"2014-07-03T07:57:03","slug":"intervista-a-tiziano-gabrielli-17-giugno-2005","status":"publish","type":"post","link":"https:\/\/angsaveneto.it\/?p=2046","title":{"rendered":"Intervista a Tiziano Gabrielli &#8211; 17 giugno 2005"},"content":{"rendered":"<p><b>TIZIANO E PATRIZIA GABRIELLI<\/b>\u00a0sono genitori che da diversi anni si impegnano nell&#8217;associazionismo con particolare attenzione per l&#8217;autismo. Sono i fondatori e l&#8217;anima dell&#8217;associazione &#8220;Genitori in prima linea&#8221; con sede a Levico.<\/p>\n<p><b>In questi ultimi anni in Italia, grazie al lavoro delle associazioni e di tanti professionisti seri e preparati, il ruolo dei genitori di persone con disabilit\u00e0 \u00e8 stato valorizzato e riconosciuto a pieno titolo nei singoli programmi abilitativi, ancor pi\u00f9 se si tratta di autismo.<\/b><\/p>\n<p><b>In che modo sentite di essere i migliori esperti di vostro figlio e come \u00e8 iniziato il vostro cammino di approfondimento delle sue difficolt\u00e0?<\/b><\/p>\n<blockquote><p>Non \u00e8 solo un sentirsi &#8220;esperti&#8221; ma quella dei genitori \u00e8 la condizione ottimale per divenire degli esperti. Si \u00e8 a contatto con il proprio figlio ventiquattro ore al giorno e si vede bene cosa significhi essere autistico. La rilevanza della clinica in questa sindrome \u00e8 risaputa sia sotto il profilo diagnostico, sia abilitativo. Coloro che istituzionalmente vengono nominati esperti hanno invece poco a che fare con l\u2019osservazione prolungata ma debbono limitarsi a brevi incontri, a somministrazioni di test che non credo ancora adeguati a cogliere in pieno le reali caratteristiche della problematica (non specifici). Oppure debbono ascoltare racconti e valutarli per come sono fatti. Conoscono i nostri figli per quel problema o per quell\u2019altro e spolverano quotidianamente (si fa per dire) la letteratura di settore, rimanendo bene adesi a quanto gi\u00e0 proposto. Raccolgono in campo abilitativo modelli e li propongono ma raramente sono competenti del lavoro sul campo perch\u00e9 altrimenti saprebbero che molto \u00e8 il fumo e poco l\u2019arrosto di quasi tutte le proposte.<\/p>\n<p>Il problema dei genitori \u00e8 che divengono esperti di patologia e non di abilitazione. Spesso di patologia in senso medico che ha interessi completamente differenti rispetto a quelli dei genitori e delle persone con una sindrome pervasiva dello sviluppo.<\/p>\n<p>L\u2019abilitazione \u00e8 un &#8220;fai da te&#8221; caotico con molte fughe nell\u2019opinabile perch\u00e9 prevale ancora la convinzione che il motore sia diverso da caso a caso (a giustificazione dello spettro di sintomi) mentre \u00e8 assai pi\u00f9 probabile che funzionino tutti nello stesso modo, ma vengano aiutati a non funzionare in tanti modi diversi.<\/p><\/blockquote>\n<p><b>Credo che questa capacit\u00e0 di farsi coinvolgere efficacemente dipenda anche dalle risorse personali di ciascun componente della famiglia. Che cosa si pu\u00f2 fare per i genitori che sono meno attrezzati e sono in difficolt\u00e0 nell&#8217;affrontare tematiche che rimangono pur sempre di alta specializzazione psico-educativa?<\/b><\/p>\n<blockquote><p>Si diventa genitori senza patente e a volte si incontrano strade tortuose. Eppure credo che riusciremo a dare presto delle indicazioni di &#8220;gestione&#8221; del problema cos\u00ec facili e cos\u00ec &#8220;NON SPECIALISTICHE&#8221; da consentire ad ogni genitore ed operatore a non sentirsi pi\u00f9 in difficolt\u00e0 nell\u2019abilitare. Questo permetter\u00e0 una inversione di tendenza anche nell\u2019ottenere aiuti dall\u2019esterno per affrontare meglio il peso della continuit\u00e0 dell\u2019impegno da sostenere. Siamo vicini.<\/p><\/blockquote>\n<p><b>Dal vostro pensiero traspare sempre un profondo rispetto per le persone colpite da disabilit\u00e0, specie se autistica, e si coglie un sentimento di vera partecipazione per lo svantaggio che sperimentano nella vita tutti i giorni. \u00c8 in questo schierarsi senza riserve dalla loro parte che sentite si giochi gran parte della partita per una migliore integrazione?<\/b><\/p>\n<blockquote><p>Assolutamente no. Il sentimento di rispetto e amore verso queste &#8220;particolari&#8221; persone non mi fa dimenticare che la passivit\u00e0, l\u2019accettazione supina, impedisce loro<b><\/b>\u00a0di partecipare alla pari a quanto vivo io. L\u2019integrazione \u00e8 un cammino reciproco (normodotato e disabili) nell\u2019utilizzo utile alla collettivit\u00e0 della diversit\u00e0 e non deve diventare un fondamentalismo. E\u2019 chiaro che non \u00e8 obbligatorio superare il limite (mentale o fisico) ma \u00e8 obbligatorio tentare (sia per i normodotati che per i disabili). Ogni volta che qualcuno ci impone una &#8220;disumanizzazione&#8221; ci impedisce di convergere su essa in senso transitivo. Io non voglio che il &#8220;contesto&#8221; decida se quel paziente \u00e8 tollerato o no (fenomeno che spinge il problema verso nuove &#8220;ghettizzazioni&#8221;) ma che ogni contesto sappia come metterlo nella condizione di poter condividere qualcosa insieme.<\/p><\/blockquote>\n<p><b>Tra le tante iniziative, avete ideato il manifesto &#8220;Ogni bambino del mondo ha diritto al gioco&#8221; che\u00a0<a title=\"Ingrandisci\" href=\"http:\/\/www.angsaonlus.org\/veneto\/images\/diritto_gioco.jpg\" target=\"_blank\" rel=\"noopener\">qui<\/a>\u00a0riproduciamo. Potete commentarlo per noi?<\/b><\/p>\n<blockquote><p>E\u2019 un modo per dire che si pu\u00f2 convergere e costruire un mondo senza sguardi di piet\u00e0, menzogne, illusioni, n\u00e9 personagg che per lavoro &#8220;custodiscono&#8221; la pecora smarrita.<\/p><\/blockquote>\n","protected":false},"excerpt":{"rendered":"<p>TIZIANO E PATRIZIA GABRIELLI\u00a0sono genitori che da diversi anni si impegnano nell&#8217;associazionismo con particolare attenzione per l&#8217;autismo. Sono i fondatori e l&#8217;anima dell&#8217;associazione &#8220;Genitori in prima linea&#8221; con sede a Levico. In questi ultimi anni in Italia, grazie al lavoro delle associazioni e di tanti professionisti seri e preparati, il ruolo dei genitori di persone [&hellip;]<\/p>\n","protected":false},"author":1,"featured_media":0,"comment_status":"closed","ping_status":"closed","sticky":false,"template":"","format":"standard","meta":{"site-sidebar-layout":"default","site-content-layout":"","ast-site-content-layout":"default","site-content-style":"default","site-sidebar-style":"default","ast-global-header-display":"","ast-banner-title-visibility":"","ast-main-header-display":"","ast-hfb-above-header-display":"","ast-hfb-below-header-display":"","ast-hfb-mobile-header-display":"","site-post-title":"","ast-breadcrumbs-content":"","ast-featured-img":"","footer-sml-layout":"","ast-disable-related-posts":"","theme-transparent-header-meta":"","adv-header-id-meta":"","stick-header-meta":"","header-above-stick-meta":"","header-main-stick-meta":"","header-below-stick-meta":"","astra-migrate-meta-layouts":"default","ast-page-background-enabled":"default","ast-page-background-meta":{"desktop":{"background-color":"","background-image":"","background-repeat":"repeat","background-position":"center center","background-size":"auto","background-attachment":"scroll","background-type":"","background-media":"","overlay-type":"","overlay-color":"","overlay-opacity":"","overlay-gradient":""},"tablet":{"background-color":"","background-image":"","background-repeat":"repeat","background-position":"center center","background-size":"auto","background-attachment":"scroll","background-type":"","background-media":"","overlay-type":"","overlay-color":"","overlay-opacity":"","overlay-gradient":""},"mobile":{"background-color":"","background-image":"","background-repeat":"repeat","background-position":"center center","background-size":"auto","background-attachment":"scroll","background-type":"","background-media":"","overlay-type":"","overlay-color":"","overlay-opacity":"","overlay-gradient":""}},"ast-content-background-meta":{"desktop":{"background-color":"var(--ast-global-color-5)","background-image":"","background-repeat":"repeat","background-position":"center center","background-size":"auto","background-attachment":"scroll","background-type":"","background-media":"","overlay-type":"","overlay-color":"","overlay-opacity":"","overlay-gradient":""},"tablet":{"background-color":"var(--ast-global-color-5)","background-image":"","background-repeat":"repeat","background-position":"center center","background-size":"auto","background-attachment":"scroll","background-type":"","background-media":"","overlay-type":"","overlay-color":"","overlay-opacity":"","overlay-gradient":""},"mobile":{"background-color":"var(--ast-global-color-5)","background-image":"","background-repeat":"repeat","background-position":"center center","background-size":"auto","background-attachment":"scroll","background-type":"","background-media":"","overlay-type":"","overlay-color":"","overlay-opacity":"","overlay-gradient":""}},"footnotes":""},"categories":[6,14],"tags":[],"class_list":["post-2046","post","type-post","status-publish","format-standard","hentry","category-interviste","category-senza-categoria"],"jetpack_featured_media_url":"","_links":{"self":[{"href":"https:\/\/angsaveneto.it\/index.php?rest_route=\/wp\/v2\/posts\/2046","targetHints":{"allow":["GET"]}}],"collection":[{"href":"https:\/\/angsaveneto.it\/index.php?rest_route=\/wp\/v2\/posts"}],"about":[{"href":"https:\/\/angsaveneto.it\/index.php?rest_route=\/wp\/v2\/types\/post"}],"author":[{"embeddable":true,"href":"https:\/\/angsaveneto.it\/index.php?rest_route=\/wp\/v2\/users\/1"}],"replies":[{"embeddable":true,"href":"https:\/\/angsaveneto.it\/index.php?rest_route=%2Fwp%2Fv2%2Fcomments&post=2046"}],"version-history":[{"count":0,"href":"https:\/\/angsaveneto.it\/index.php?rest_route=\/wp\/v2\/posts\/2046\/revisions"}],"wp:attachment":[{"href":"https:\/\/angsaveneto.it\/index.php?rest_route=%2Fwp%2Fv2%2Fmedia&parent=2046"}],"wp:term":[{"taxonomy":"category","embeddable":true,"href":"https:\/\/angsaveneto.it\/index.php?rest_route=%2Fwp%2Fv2%2Fcategories&post=2046"},{"taxonomy":"post_tag","embeddable":true,"href":"https:\/\/angsaveneto.it\/index.php?rest_route=%2Fwp%2Fv2%2Ftags&post=2046"}],"curies":[{"name":"wp","href":"https:\/\/api.w.org\/{rel}","templated":true}]}}