{"id":2044,"date":"2014-07-03T07:56:13","date_gmt":"2014-07-03T07:56:13","guid":{"rendered":"http:\/\/www.angsa.it\/?p=2044"},"modified":"2014-07-03T07:56:13","modified_gmt":"2014-07-03T07:56:13","slug":"intervista-a-cristiana-torricella-8-maggio-2005","status":"publish","type":"post","link":"https:\/\/angsaveneto.it\/?p=2044","title":{"rendered":"Intervista a Cristiana Torricella &#8211; 8 maggio 2005"},"content":{"rendered":"<p><b>CRISTIANA TORRICELLA<\/b><b>\u00a0\u00e8 mamma di quattro figli, due dei quali con disturbi pervasivi dello sviluppo. \u00c8 presidente dell&#8217;Associazione Bambini e Autismo di Parma affiliata ad ANGSA.<\/b><\/p>\n<p><b>Cristiana, nel libro &#8220;Il nostro autismo quotidiano &#8211; Storie di genitori e figli&#8221; (Ed. Erickson, 2003) hai raccontato e denunciato con grande intensit\u00e0 quello che hai dovuto passare per garantire a tuo figlio il diritto ad un&#8217;assistenza sanitaria adeguata alle sue necessit\u00e0. Com&#8217;\u00e8 andata a finire?<\/b><\/p>\n<blockquote><p>L\u2019azienda Ausl si \u00e8 attivata ed \u00e8 stato costituito un gruppo di lavoro per rilevare le criticit\u00e0 del servizio e fare una lettura pi\u00f9 accurata dei bisogni espressi dalle famiglie. Tuttavia \u00e8 poi mancata la successiva fase di progettazione di servizi e strutture pi\u00f9 rispondenti alle reali necessit\u00e0 delle persone con autismo e delle loro famiglie.<\/p><\/blockquote>\n<p><b>Non \u00e8 facile denunciare l&#8217;inadempienza delle istituzioni pubbliche soprattutto quando si \u00e8 in situazione di dipendenza. Che cosa ti senti di dire ai genitori che temono di raccontare le loro disavventure?<\/b><\/p>\n<blockquote><p>Occorre essere genitori ben informati, avere ben chiare quelle che sono le conoscenze teoriche e le pratiche basate su evidenze scientifiche e non semplicemente su \u2018mode\u2019 passeggere, oltre a quelli che sono i diritti tutelati dalla normativa vigente (penso per esempio alla scuola). Nel rapporto con le istituzioni dobbiamo porci come soggetti competenti e come grande e fondamentale risorsa all\u2019interno del cosiddetto \u2018Sistema curante\u2019 evitando cos\u00ec che ci venga attribuito semplicemente il ruolo di individui mossi dal bisogno e guidati dalla sola componente emotiva.<\/p><\/blockquote>\n<p><b>In che modo l&#8217;associazione di cui sei presidente risponde ai bisogni delle persone con autismo e disturbi pervasivi dello sviluppo del territorio?<\/b><\/p>\n<blockquote><p>La nostra associazione ha scelto come partner scientifico ed ha fortemente voluto che fosse presente sul proprio territorio la Fondazione Bambini e Autismo \u2013 onlus di Pordenone, riconosciuta dal Ministero della Sanit\u00e0 e con Certificazione di Qualit\u00e0. Abbiamo creato un Centro di riabilitazione che offre a bambini ed adulti percorsi riabilitativi individualizzati utilizzando strategie educative in linea con le teorie e le pratiche maggiormente accreditate e condivise dalla comunit\u00e0 scientifica internazionale, secondo un modello di presa in carico globale. Da due anni ci stiamo adoperando per ottenere la convenzione con l\u2019Ausl di Parma .<\/p>\n<p>Ci siamo quindi attivati sul fronte delle scuola, proponendo un progetto ampio e articolato dal titolo \u201cAutismo a Scuola, per un\u2019Integrazione di Qualit\u00e0\u201d, che ha visto una prima fase di formazione a cui hanno partecipato 92 persone che a vario titolo operano nelle scuole della Provincia di Parma e, in una fase successiva, ha visto la creazione di gruppi di lavoro all\u2019interno di un numero limitato di scuole per la formazione in itinere degli insegnanti, la definizione di progetti educativi individualizzati sul singolo bambino e la strutturazione degli spazi e delle attivit\u00e0 educativo \u2013 didattiche proposte. Il progetto \u00e8 stato patrocinato dall\u2019Ausl, dalla Provincia e dal CSA di Parma oltre che dai Comuni di Parma e Noceto ed \u00e8 stato realizzato con il supporto scientifico della Fondazione Bambini e Autismo \u2013 onlus.<\/p>\n<p>Insieme al nostro Centro di Servizi per il Volontariato abbiamo recentemente proposto all\u2019Ausl e al Comune di Parma un progetto di ricerca, sia quantitativa che qualitativa, che riguarda le persone adulte affette da DGS per capire dove sono, se e di quali servizi possono usufruire e se questi rispondono ai loro bisogni di vita. La finalit\u00e0 \u00e8 quella di poter progettare azioni future efficaci e coerenti con le reali necessit\u00e0 delle persone con autismo, secondo le varie fasce d\u2019et\u00e0 .<\/p><\/blockquote>\n<p><b>Oggi \u00e8 la festa della mamma; ti senti un po&#8217; mamma coraggio?<\/b><\/p>\n<blockquote><p>Prima di tutto sono una mamma, e come tale, con amore e senso di responsabilit\u00e0 ricerco il meglio per i miei figli. Per tutti indistintamente, che abbiano pi\u00f9 o meno difficolt\u00e0.<\/p>\n<p>Ho avuto e ricercato opportunit\u00e0 e strumenti e mi sono sentita in dovere di metterli a frutto, per i miei figli e per i tanti bambini che conosco. L\u2019impegno \u00e8 davvero grande, ma molto di pi\u00f9 lo sono gli obiettivi che come genitori ci siamo posti.<\/p>\n<p>Le difficolt\u00e0 sono tante ma ogni piccolo risultato ed i progressi che vediamo nei nostri figli ci regalano la serenit\u00e0 e l\u2019 energia necessarie per affrontare sfide che per noi genitori di bambini con autismo non sono mai semplici.<\/p>\n<p>Molto efficace si sta dimostrando il lavoro che abbiamo fatto e stiamo facendo per costruire un dialogo ed un confronto sereno e per ricercare collaborazioni proprio con le persone che inizialmente erano su posizioni anche distanti dalle nostre.<\/p>\n<p>Credo che quando ci si propone e si agisce nei modi corretti e, soprattutto, producendo risultati evidenti i riscontri necessariamente debbano arrivare.<\/p><\/blockquote>\n","protected":false},"excerpt":{"rendered":"<p>CRISTIANA TORRICELLA\u00a0\u00e8 mamma di quattro figli, due dei quali con disturbi pervasivi dello sviluppo. \u00c8 presidente dell&#8217;Associazione Bambini e Autismo di Parma affiliata ad ANGSA. Cristiana, nel libro &#8220;Il nostro autismo quotidiano &#8211; Storie di genitori e figli&#8221; (Ed. Erickson, 2003) hai raccontato e denunciato con grande intensit\u00e0 quello che hai dovuto passare per garantire [&hellip;]<\/p>\n","protected":false},"author":1,"featured_media":0,"comment_status":"closed","ping_status":"closed","sticky":false,"template":"","format":"standard","meta":{"site-sidebar-layout":"default","site-content-layout":"","ast-site-content-layout":"default","site-content-style":"default","site-sidebar-style":"default","ast-global-header-display":"","ast-banner-title-visibility":"","ast-main-header-display":"","ast-hfb-above-header-display":"","ast-hfb-below-header-display":"","ast-hfb-mobile-header-display":"","site-post-title":"","ast-breadcrumbs-content":"","ast-featured-img":"","footer-sml-layout":"","ast-disable-related-posts":"","theme-transparent-header-meta":"","adv-header-id-meta":"","stick-header-meta":"","header-above-stick-meta":"","header-main-stick-meta":"","header-below-stick-meta":"","astra-migrate-meta-layouts":"default","ast-page-background-enabled":"default","ast-page-background-meta":{"desktop":{"background-color":"","background-image":"","background-repeat":"repeat","background-position":"center center","background-size":"auto","background-attachment":"scroll","background-type":"","background-media":"","overlay-type":"","overlay-color":"","overlay-opacity":"","overlay-gradient":""},"tablet":{"background-color":"","background-image":"","background-repeat":"repeat","background-position":"center center","background-size":"auto","background-attachment":"scroll","background-type":"","background-media":"","overlay-type":"","overlay-color":"","overlay-opacity":"","overlay-gradient":""},"mobile":{"background-color":"","background-image":"","background-repeat":"repeat","background-position":"center center","background-size":"auto","background-attachment":"scroll","background-type":"","background-media":"","overlay-type":"","overlay-color":"","overlay-opacity":"","overlay-gradient":""}},"ast-content-background-meta":{"desktop":{"background-color":"var(--ast-global-color-5)","background-image":"","background-repeat":"repeat","background-position":"center center","background-size":"auto","background-attachment":"scroll","background-type":"","background-media":"","overlay-type":"","overlay-color":"","overlay-opacity":"","overlay-gradient":""},"tablet":{"background-color":"var(--ast-global-color-5)","background-image":"","background-repeat":"repeat","background-position":"center center","background-size":"auto","background-attachment":"scroll","background-type":"","background-media":"","overlay-type":"","overlay-color":"","overlay-opacity":"","overlay-gradient":""},"mobile":{"background-color":"var(--ast-global-color-5)","background-image":"","background-repeat":"repeat","background-position":"center center","background-size":"auto","background-attachment":"scroll","background-type":"","background-media":"","overlay-type":"","overlay-color":"","overlay-opacity":"","overlay-gradient":""}},"footnotes":""},"categories":[6,14],"tags":[],"class_list":["post-2044","post","type-post","status-publish","format-standard","hentry","category-interviste","category-senza-categoria"],"jetpack_featured_media_url":"","_links":{"self":[{"href":"https:\/\/angsaveneto.it\/index.php?rest_route=\/wp\/v2\/posts\/2044","targetHints":{"allow":["GET"]}}],"collection":[{"href":"https:\/\/angsaveneto.it\/index.php?rest_route=\/wp\/v2\/posts"}],"about":[{"href":"https:\/\/angsaveneto.it\/index.php?rest_route=\/wp\/v2\/types\/post"}],"author":[{"embeddable":true,"href":"https:\/\/angsaveneto.it\/index.php?rest_route=\/wp\/v2\/users\/1"}],"replies":[{"embeddable":true,"href":"https:\/\/angsaveneto.it\/index.php?rest_route=%2Fwp%2Fv2%2Fcomments&post=2044"}],"version-history":[{"count":0,"href":"https:\/\/angsaveneto.it\/index.php?rest_route=\/wp\/v2\/posts\/2044\/revisions"}],"wp:attachment":[{"href":"https:\/\/angsaveneto.it\/index.php?rest_route=%2Fwp%2Fv2%2Fmedia&parent=2044"}],"wp:term":[{"taxonomy":"category","embeddable":true,"href":"https:\/\/angsaveneto.it\/index.php?rest_route=%2Fwp%2Fv2%2Fcategories&post=2044"},{"taxonomy":"post_tag","embeddable":true,"href":"https:\/\/angsaveneto.it\/index.php?rest_route=%2Fwp%2Fv2%2Ftags&post=2044"}],"curies":[{"name":"wp","href":"https:\/\/api.w.org\/{rel}","templated":true}]}}