{"id":18196,"date":"2021-04-03T18:42:23","date_gmt":"2021-04-03T16:42:23","guid":{"rendered":"http:\/\/veneto.angsa.it\/?p=18196"},"modified":"2021-04-03T18:42:23","modified_gmt":"2021-04-03T16:42:23","slug":"premiazione-concorso-insieme-per-lautismo","status":"publish","type":"post","link":"https:\/\/angsaveneto.it\/?p=18196","title":{"rendered":"Premiazione concorso &#8220;Insieme per l&#8217;Autismo&#8221;"},"content":{"rendered":"<p>In occasione della Giornata mondiale\u00a0 della consapevolezza sull&#8217;Autismo del 2 aprile, le associazioni ANGSA Veneto, Abaut e Autismo Triveneto, assieme ai referenti istituzionali, hanno premiato i vincitori del concorso <strong>&#8220;Insieme per l&#8217;Autismo&#8221;<\/strong>, a cui hanno partecipato le scuole dell&#8217;VIII Ambito di Vicenza. Gli alunni e le alunne hanno usato la loro creativit\u00e0 per esprimere il loro punto di vista sulla tematica dell&#8217;autismo, contribuendo cos\u00ec allo sviluppo di una cultura sempre pi\u00f9 accogliente e valorizzante l&#8217;unicit\u00e0 di ciascuna persona.<\/p>\n<p dir=\"auto\">Primi classificati:<br \/>\nI.C.S Boscardin di Vicenza &#8211; Classe 2^A<br \/>\nI.C.8 di Vicenza &#8211; Classi 1^CLA e 4^ALA<br \/>\nMenzione speciale:<br \/>\nI.I.S Rosi di Vicenza &#8211; Classi 1^DM, 4^DMM, 4^AEA e 5^AEA<br \/>\nI.C.2 di Vicenza &#8211; Classe 1^A<\/p>\n<p dir=\"auto\">Qui di seguito le opere presentate dalle classi che hanno partecipato. Grazie ragazzi e ragazze, siete fantastici! E&#8217; bello sapere che siete voi il nostro futuro.<\/p>\n<p dir=\"auto\"><img fetchpriority=\"high\" decoding=\"async\" class=\"alignleft wp-image-18198 size-medium\" src=\"http:\/\/veneto.angsa.it\/wp-content\/uploads\/sites\/4\/2021\/04\/aereo-300x183.jpeg\" alt=\"bambino con occhiali da aviatore che simula un aereo\" width=\"300\" height=\"183\" data-wp-editing=\"1\" srcset=\"https:\/\/angsaveneto.it\/wp-content\/uploads\/2021\/04\/aereo-300x183.jpeg 300w, https:\/\/angsaveneto.it\/wp-content\/uploads\/2021\/04\/aereo-1024x623.jpeg 1024w, https:\/\/angsaveneto.it\/wp-content\/uploads\/2021\/04\/aereo-768x468.jpeg 768w, https:\/\/angsaveneto.it\/wp-content\/uploads\/2021\/04\/aereo-1536x935.jpeg 1536w, https:\/\/angsaveneto.it\/wp-content\/uploads\/2021\/04\/aereo-2048x1247.jpeg 2048w, https:\/\/angsaveneto.it\/wp-content\/uploads\/2021\/04\/aereo-1568x955.jpeg 1568w\" sizes=\"(max-width: 300px) 100vw, 300px\" \/><\/p>\n<p dir=\"auto\">IIS Rossi Vicenza video gruppo 2 4 DM<\/p>\n<p dir=\"auto\"><a href=\"https:\/\/drive.google.com\/file\/d\/1sb2sqUTJVn2BsMyonziD4VbOHl3q2pAh\/view?usp=sharing\">https:\/\/drive.google.com\/file\/d\/1sb2sqUTJVn2BsMyonziD4VbOHl3q2pAh\/view?usp=sharing<\/a><\/p>\n<p dir=\"auto\"><img decoding=\"async\" class=\"alignleft wp-image-18203 size-medium\" src=\"http:\/\/veneto.angsa.it\/wp-content\/uploads\/sites\/4\/2021\/04\/neveagosto-300x223.jpeg\" alt=\"disegno di viso diviso in due normale e zombie\" width=\"300\" height=\"223\" srcset=\"https:\/\/angsaveneto.it\/wp-content\/uploads\/2021\/04\/neveagosto-300x223.jpeg 300w, https:\/\/angsaveneto.it\/wp-content\/uploads\/2021\/04\/neveagosto-1024x763.jpeg 1024w, https:\/\/angsaveneto.it\/wp-content\/uploads\/2021\/04\/neveagosto-768x572.jpeg 768w, https:\/\/angsaveneto.it\/wp-content\/uploads\/2021\/04\/neveagosto-1536x1144.jpeg 1536w, https:\/\/angsaveneto.it\/wp-content\/uploads\/2021\/04\/neveagosto-1568x1168.jpeg 1568w, https:\/\/angsaveneto.it\/wp-content\/uploads\/2021\/04\/neveagosto.jpeg 1784w\" sizes=\"(max-width: 300px) 100vw, 300px\" \/><\/p>\n<p>&nbsp;<\/p>\n<p>&nbsp;<\/p>\n<p>IIS Rossi &#8211; classe 1 DM 4DM 5AE<\/p>\n<p><a href=\"https:\/\/drive.google.com\/file\/d\/1SFySUZc1U41AbNDuOqMff_QntS_lvRcR\/view?usp=sharing\">https:\/\/drive.google.com\/file\/d\/1SFySUZc1U41AbNDuOqMff_QntS_lvRcR\/view?usp=sharing<\/a><\/p>\n<p>&nbsp;<\/p>\n<p>&nbsp;<\/p>\n<p><img decoding=\"async\" class=\"alignleft wp-image-18208 size-medium\" src=\"http:\/\/veneto.angsa.it\/wp-content\/uploads\/sites\/4\/2021\/04\/cuore-300x168.jpeg\" alt=\"cuore con scritta in un mondo pieno di parole\" width=\"300\" height=\"168\" srcset=\"https:\/\/angsaveneto.it\/wp-content\/uploads\/2021\/04\/cuore-300x168.jpeg 300w, https:\/\/angsaveneto.it\/wp-content\/uploads\/2021\/04\/cuore-1024x574.jpeg 1024w, https:\/\/angsaveneto.it\/wp-content\/uploads\/2021\/04\/cuore-768x430.jpeg 768w, https:\/\/angsaveneto.it\/wp-content\/uploads\/2021\/04\/cuore-1536x860.jpeg 1536w, https:\/\/angsaveneto.it\/wp-content\/uploads\/2021\/04\/cuore-2048x1147.jpeg 2048w, https:\/\/angsaveneto.it\/wp-content\/uploads\/2021\/04\/cuore-1568x878.jpeg 1568w\" sizes=\"(max-width: 300px) 100vw, 300px\" \/>IIS Boscardin<\/p>\n<p><a href=\"https:\/\/drive.google.com\/file\/d\/1O4afjXVy0RVaERoCKyHAMVaa9_lcKWkH\/view?usp=sharing\">https:\/\/drive.google.com\/file\/d\/1O4afjXVy0RVaERoCKyHAMVaa9_lcKWkH\/view?usp=sharing<\/a><\/p>\n<p>&nbsp;<\/p>\n<p>&nbsp;<\/p>\n<p><img loading=\"lazy\" decoding=\"async\" class=\"size-medium wp-image-18234 alignleft\" src=\"http:\/\/veneto.angsa.it\/wp-content\/uploads\/sites\/4\/2021\/04\/compagno-speciale--300x225.png\" alt=\"\" width=\"300\" height=\"225\" srcset=\"https:\/\/angsaveneto.it\/wp-content\/uploads\/2021\/04\/compagno-speciale--300x225.png 300w, https:\/\/angsaveneto.it\/wp-content\/uploads\/2021\/04\/compagno-speciale--1024x768.png 1024w, https:\/\/angsaveneto.it\/wp-content\/uploads\/2021\/04\/compagno-speciale--768x576.png 768w, https:\/\/angsaveneto.it\/wp-content\/uploads\/2021\/04\/compagno-speciale--1536x1152.png 1536w, https:\/\/angsaveneto.it\/wp-content\/uploads\/2021\/04\/compagno-speciale--2048x1536.png 2048w, https:\/\/angsaveneto.it\/wp-content\/uploads\/2021\/04\/compagno-speciale--1568x1176.png 1568w\" sizes=\"(max-width: 300px) 100vw, 300px\" \/>IL NOSTRO COMPAGNO SPECIALE<\/p>\n<p><a href=\"https:\/\/drive.google.com\/file\/d\/1d7e-9DDeVKINyX8184t1SbGV9-LQSpeI\/view?usp=sharing\">https:\/\/drive.google.com\/file\/d\/1d7e-9DDeVKINyX8184t1SbGV9-LQSpeI\/view?usp=sharing<\/a><\/p>\n<p>&nbsp;<\/p>\n<p>&nbsp;<\/p>\n<p>&nbsp;<\/p>\n<p>&nbsp;<\/p>\n<p><img loading=\"lazy\" decoding=\"async\" class=\"alignleft wp-image-18210 size-medium\" src=\"http:\/\/veneto.angsa.it\/wp-content\/uploads\/sites\/4\/2021\/04\/scuola-300x235.jpeg\" alt=\"disegno viso colorato che guarda folla di sagome grigie\" width=\"300\" height=\"235\" srcset=\"https:\/\/angsaveneto.it\/wp-content\/uploads\/2021\/04\/scuola-300x235.jpeg 300w, https:\/\/angsaveneto.it\/wp-content\/uploads\/2021\/04\/scuola-1024x803.jpeg 1024w, https:\/\/angsaveneto.it\/wp-content\/uploads\/2021\/04\/scuola-768x602.jpeg 768w, https:\/\/angsaveneto.it\/wp-content\/uploads\/2021\/04\/scuola.jpeg 1469w\" sizes=\"(max-width: 300px) 100vw, 300px\" \/>IIS Boscardin &#8211; Calsse 1CLA &#8211; slides disegni<\/p>\n<p><a href=\"https:\/\/drive.google.com\/file\/d\/1-R5bYLK9bXDZzxiWNQy0LtPwHoeOApXh\/view?usp=sharing\">https:\/\/drive.google.com\/file\/d\/1-R5bYLK9bXDZzxiWNQy0LtPwHoeOApXh\/view?usp=sharing<\/a><\/p>\n<p>&nbsp;<\/p>\n<p>&nbsp;<\/p>\n<p>&nbsp;<\/p>\n<p><img loading=\"lazy\" decoding=\"async\" class=\"alignleft wp-image-18212 size-medium\" src=\"http:\/\/veneto.angsa.it\/wp-content\/uploads\/sites\/4\/2021\/04\/ragazza-300x218.jpeg\" alt=\"disegno di ragazza\" width=\"300\" height=\"218\" srcset=\"https:\/\/angsaveneto.it\/wp-content\/uploads\/2021\/04\/ragazza-300x218.jpeg 300w, https:\/\/angsaveneto.it\/wp-content\/uploads\/2021\/04\/ragazza-1024x744.jpeg 1024w, https:\/\/angsaveneto.it\/wp-content\/uploads\/2021\/04\/ragazza-768x558.jpeg 768w, https:\/\/angsaveneto.it\/wp-content\/uploads\/2021\/04\/ragazza.jpeg 1380w\" sizes=\"(max-width: 300px) 100vw, 300px\" \/>IC2 Gruppo di classe 1A<\/p>\n<p><a href=\"https:\/\/docs.google.com\/presentation\/d\/10aE8IU-r_9_mNG0jxuKWTMhPTM22yHV2Yr1zDJFznic\/edit?usp=sharing\">https:\/\/docs.google.com\/presentation\/d\/10aE8IU-r_9_mNG0jxuKWTMhPTM22yHV2Yr1zDJFznic\/edit?usp=sharing<\/a><\/p>\n<p>&nbsp;<\/p>\n<p>&nbsp;<\/p>\n<p><img loading=\"lazy\" decoding=\"async\" class=\"alignleft wp-image-18218 size-medium\" src=\"http:\/\/veneto.angsa.it\/wp-content\/uploads\/sites\/4\/2021\/04\/mano-300x209.jpeg\" alt=\"mano che disegna il racconto letto nel video\" width=\"300\" height=\"209\" srcset=\"https:\/\/angsaveneto.it\/wp-content\/uploads\/2021\/04\/mano-300x209.jpeg 300w, https:\/\/angsaveneto.it\/wp-content\/uploads\/2021\/04\/mano-1024x715.jpeg 1024w, https:\/\/angsaveneto.it\/wp-content\/uploads\/2021\/04\/mano-768x536.jpeg 768w, https:\/\/angsaveneto.it\/wp-content\/uploads\/2021\/04\/mano-1536x1072.jpeg 1536w, https:\/\/angsaveneto.it\/wp-content\/uploads\/2021\/04\/mano-1568x1094.jpeg 1568w, https:\/\/angsaveneto.it\/wp-content\/uploads\/2021\/04\/mano.jpeg 1661w\" sizes=\"(max-width: 300px) 100vw, 300px\" \/>IIS Rossi &#8211; gruppo 1-\u00a0 4 DMM<\/p>\n<p><a href=\"https:\/\/drive.google.com\/file\/d\/1kqrQkJJEqjSBxygRCPfcP8nN6iebpeBQ\/view?usp=sharing\">https:\/\/drive.google.com\/file\/d\/1kqrQkJJEqjSBxygRCPfcP8nN6iebpeBQ\/view?usp=sharing<\/a><\/p>\n<p>&nbsp;<\/p>\n<p>&nbsp;<\/p>\n<p><img loading=\"lazy\" decoding=\"async\" class=\"alignleft wp-image-18219 size-medium\" src=\"http:\/\/veneto.angsa.it\/wp-content\/uploads\/sites\/4\/2021\/04\/lago-300x168.jpeg\" alt=\"disegno persone che camminano lungo un lago, con sagoma figura blu\" width=\"300\" height=\"168\" srcset=\"https:\/\/angsaveneto.it\/wp-content\/uploads\/2021\/04\/lago-300x168.jpeg 300w, https:\/\/angsaveneto.it\/wp-content\/uploads\/2021\/04\/lago-1024x573.jpeg 1024w, https:\/\/angsaveneto.it\/wp-content\/uploads\/2021\/04\/lago-768x430.jpeg 768w, https:\/\/angsaveneto.it\/wp-content\/uploads\/2021\/04\/lago-1536x860.jpeg 1536w, https:\/\/angsaveneto.it\/wp-content\/uploads\/2021\/04\/lago-1568x878.jpeg 1568w, https:\/\/angsaveneto.it\/wp-content\/uploads\/2021\/04\/lago.jpeg 1774w\" sizes=\"(max-width: 300px) 100vw, 300px\" \/><br \/>\nITIS Rossi &#8211; classe 4 AEA<\/p>\n<p><a href=\"https:\/\/docs.google.com\/presentation\/d\/1bm55wfyL9lz-JfPSYr7hLiQEXGgq93qqmJFhUl-mye4\/edit?usp=sharing\">https:\/\/docs.google.com\/presentation\/d\/1bm55wfyL9lz-JfPSYr7hLiQEXGgq93qqmJFhUl-mye4\/edit?usp=sharing<\/a><\/p>\n<h2><\/h2>\n<p>&nbsp;<\/p>\n<p>&nbsp;<\/p>\n<p>&nbsp;<\/p>\n<h2>Premi e premiati:<\/h2>\n<p>ANGSA Veneto, Abaut e Autismo triveneto hanno premiato le scuole vincitrici del concorso con quattro programmi boardmaker, due stampanti e due plastificatori. La premiazione \u00e8 avvenuta il giorno 31 marzo, in video conferenza su Zoom, alla presenza del dirigente Carlo Alberto Formaggio, della referente per l&#8217;inclusione Claudia Munaro, del responsabile dello sportello Autismo Luca Saggioro, della\u00a0 Vicepresidente della Provincia Maria Cristina Franco e dell&#8217;assessore all&#8217;istruzione Cristina Tolio.<\/p>\n<p>I premi sono stati offerti dalle tre associazioni e dal gruppo UNICOMM.<\/p>\n<p><img loading=\"lazy\" decoding=\"async\" class=\"size-medium wp-image-18220 alignleft\" src=\"http:\/\/veneto.angsa.it\/wp-content\/uploads\/sites\/4\/2021\/04\/premi-300x224.jpeg\" alt=\"\" width=\"300\" height=\"224\" srcset=\"https:\/\/angsaveneto.it\/wp-content\/uploads\/2021\/04\/premi-300x224.jpeg 300w, https:\/\/angsaveneto.it\/wp-content\/uploads\/2021\/04\/premi-1024x763.jpeg 1024w, https:\/\/angsaveneto.it\/wp-content\/uploads\/2021\/04\/premi-768x572.jpeg 768w, https:\/\/angsaveneto.it\/wp-content\/uploads\/2021\/04\/premi-1536x1145.jpeg 1536w, https:\/\/angsaveneto.it\/wp-content\/uploads\/2021\/04\/premi-1568x1169.jpeg 1568w, https:\/\/angsaveneto.it\/wp-content\/uploads\/2021\/04\/premi.jpeg 1842w\" sizes=\"(max-width: 300px) 100vw, 300px\" \/><img loading=\"lazy\" decoding=\"async\" class=\"alignnone size-medium wp-image-18222\" src=\"http:\/\/veneto.angsa.it\/wp-content\/uploads\/sites\/4\/2021\/04\/stampante_plastificatrice-300x227.jpeg\" alt=\"\" width=\"300\" height=\"227\" srcset=\"https:\/\/angsaveneto.it\/wp-content\/uploads\/2021\/04\/stampante_plastificatrice-300x227.jpeg 300w, https:\/\/angsaveneto.it\/wp-content\/uploads\/2021\/04\/stampante_plastificatrice-1024x774.jpeg 1024w, https:\/\/angsaveneto.it\/wp-content\/uploads\/2021\/04\/stampante_plastificatrice-768x581.jpeg 768w, https:\/\/angsaveneto.it\/wp-content\/uploads\/2021\/04\/stampante_plastificatrice-1536x1161.jpeg 1536w, https:\/\/angsaveneto.it\/wp-content\/uploads\/2021\/04\/stampante_plastificatrice-1568x1185.jpeg 1568w, https:\/\/angsaveneto.it\/wp-content\/uploads\/2021\/04\/stampante_plastificatrice.jpeg 1762w\" sizes=\"(max-width: 300px) 100vw, 300px\" \/><\/p>\n<p><img loading=\"lazy\" decoding=\"async\" class=\"alignnone size-medium wp-image-18223\" src=\"http:\/\/veneto.angsa.it\/wp-content\/uploads\/sites\/4\/2021\/04\/targa1-300x229.jpeg\" alt=\"\" width=\"300\" height=\"229\" srcset=\"https:\/\/angsaveneto.it\/wp-content\/uploads\/2021\/04\/targa1-300x229.jpeg 300w, https:\/\/angsaveneto.it\/wp-content\/uploads\/2021\/04\/targa1-1024x782.jpeg 1024w, https:\/\/angsaveneto.it\/wp-content\/uploads\/2021\/04\/targa1-768x587.jpeg 768w, https:\/\/angsaveneto.it\/wp-content\/uploads\/2021\/04\/targa1-1536x1174.jpeg 1536w, https:\/\/angsaveneto.it\/wp-content\/uploads\/2021\/04\/targa1-1568x1198.jpeg 1568w, https:\/\/angsaveneto.it\/wp-content\/uploads\/2021\/04\/targa1.jpeg 1696w\" sizes=\"(max-width: 300px) 100vw, 300px\" \/><img loading=\"lazy\" decoding=\"async\" class=\"size-medium wp-image-18224 alignleft\" src=\"http:\/\/veneto.angsa.it\/wp-content\/uploads\/sites\/4\/2021\/04\/targa2-300x231.jpeg\" alt=\"\" width=\"300\" height=\"231\" srcset=\"https:\/\/angsaveneto.it\/wp-content\/uploads\/2021\/04\/targa2-300x231.jpeg 300w, https:\/\/angsaveneto.it\/wp-content\/uploads\/2021\/04\/targa2-1024x789.jpeg 1024w, https:\/\/angsaveneto.it\/wp-content\/uploads\/2021\/04\/targa2-768x592.jpeg 768w, https:\/\/angsaveneto.it\/wp-content\/uploads\/2021\/04\/targa2-1536x1183.jpeg 1536w, https:\/\/angsaveneto.it\/wp-content\/uploads\/2021\/04\/targa2-1568x1208.jpeg 1568w, https:\/\/angsaveneto.it\/wp-content\/uploads\/2021\/04\/targa2.jpeg 1712w\" sizes=\"(max-width: 300px) 100vw, 300px\" \/><\/p>\n<p>&nbsp;<\/p>\n<p>&nbsp;<\/p>\n<p>&nbsp;<\/p>\n<p>&nbsp;<\/p>\n<p>&nbsp;<\/p>\n<p>&nbsp;<\/p>\n<p>&nbsp;<\/p>\n","protected":false},"excerpt":{"rendered":"<p>In occasione della Giornata mondiale\u00a0 della consapevolezza sull&#8217;Autismo del 2 aprile, le associazioni ANGSA Veneto, Abaut e Autismo Triveneto, assieme ai referenti istituzionali, hanno premiato i vincitori del concorso &#8220;Insieme per l&#8217;Autismo&#8221;, a cui hanno partecipato le scuole dell&#8217;VIII Ambito di Vicenza. Gli alunni e le alunne hanno usato la loro creativit\u00e0 per esprimere il [&hellip;]<\/p>\n","protected":false},"author":1,"featured_media":0,"comment_status":"closed","ping_status":"closed","sticky":false,"template":"","format":"standard","meta":{"site-sidebar-layout":"default","site-content-layout":"","ast-site-content-layout":"default","site-content-style":"default","site-sidebar-style":"default","ast-global-header-display":"","ast-banner-title-visibility":"","ast-main-header-display":"","ast-hfb-above-header-display":"","ast-hfb-below-header-display":"","ast-hfb-mobile-header-display":"","site-post-title":"","ast-breadcrumbs-content":"","ast-featured-img":"","footer-sml-layout":"","ast-disable-related-posts":"","theme-transparent-header-meta":"","adv-header-id-meta":"","stick-header-meta":"","header-above-stick-meta":"","header-main-stick-meta":"","header-below-stick-meta":"","astra-migrate-meta-layouts":"default","ast-page-background-enabled":"default","ast-page-background-meta":{"desktop":{"background-color":"","background-image":"","background-repeat":"repeat","background-position":"center center","background-size":"auto","background-attachment":"scroll","background-type":"","background-media":"","overlay-type":"","overlay-color":"","overlay-opacity":"","overlay-gradient":""},"tablet":{"background-color":"","background-image":"","background-repeat":"repeat","background-position":"center center","background-size":"auto","background-attachment":"scroll","background-type":"","background-media":"","overlay-type":"","overlay-color":"","overlay-opacity":"","overlay-gradient":""},"mobile":{"background-color":"","background-image":"","background-repeat":"repeat","background-position":"center center","background-size":"auto","background-attachment":"scroll","background-type":"","background-media":"","overlay-type":"","overlay-color":"","overlay-opacity":"","overlay-gradient":""}},"ast-content-background-meta":{"desktop":{"background-color":"var(--ast-global-color-5)","background-image":"","background-repeat":"repeat","background-position":"center center","background-size":"auto","background-attachment":"scroll","background-type":"","background-media":"","overlay-type":"","overlay-color":"","overlay-opacity":"","overlay-gradient":""},"tablet":{"background-color":"var(--ast-global-color-5)","background-image":"","background-repeat":"repeat","background-position":"center center","background-size":"auto","background-attachment":"scroll","background-type":"","background-media":"","overlay-type":"","overlay-color":"","overlay-opacity":"","overlay-gradient":""},"mobile":{"background-color":"var(--ast-global-color-5)","background-image":"","background-repeat":"repeat","background-position":"center center","background-size":"auto","background-attachment":"scroll","background-type":"","background-media":"","overlay-type":"","overlay-color":"","overlay-opacity":"","overlay-gradient":""}},"footnotes":""},"categories":[8,9],"tags":[],"class_list":["post-18196","post","type-post","status-publish","format-standard","hentry","category-news","category-progetti"],"jetpack_featured_media_url":"","_links":{"self":[{"href":"https:\/\/angsaveneto.it\/index.php?rest_route=\/wp\/v2\/posts\/18196","targetHints":{"allow":["GET"]}}],"collection":[{"href":"https:\/\/angsaveneto.it\/index.php?rest_route=\/wp\/v2\/posts"}],"about":[{"href":"https:\/\/angsaveneto.it\/index.php?rest_route=\/wp\/v2\/types\/post"}],"author":[{"embeddable":true,"href":"https:\/\/angsaveneto.it\/index.php?rest_route=\/wp\/v2\/users\/1"}],"replies":[{"embeddable":true,"href":"https:\/\/angsaveneto.it\/index.php?rest_route=%2Fwp%2Fv2%2Fcomments&post=18196"}],"version-history":[{"count":0,"href":"https:\/\/angsaveneto.it\/index.php?rest_route=\/wp\/v2\/posts\/18196\/revisions"}],"wp:attachment":[{"href":"https:\/\/angsaveneto.it\/index.php?rest_route=%2Fwp%2Fv2%2Fmedia&parent=18196"}],"wp:term":[{"taxonomy":"category","embeddable":true,"href":"https:\/\/angsaveneto.it\/index.php?rest_route=%2Fwp%2Fv2%2Fcategories&post=18196"},{"taxonomy":"post_tag","embeddable":true,"href":"https:\/\/angsaveneto.it\/index.php?rest_route=%2Fwp%2Fv2%2Ftags&post=18196"}],"curies":[{"name":"wp","href":"https:\/\/api.w.org\/{rel}","templated":true}]}}