{"id":17952,"date":"2020-09-02T09:50:51","date_gmt":"2020-09-02T07:50:51","guid":{"rendered":"http:\/\/veneto.angsa.it\/?p=17952"},"modified":"2020-09-02T09:50:51","modified_gmt":"2020-09-02T07:50:51","slug":"il-mondo-dellautismo-veneto-chiede-ai-candidati-regionali-di-sottoscrivere-un-documento-con-cui-si-impegnano-a-realizzare-concretamente-quanto-e-gia-previsto-dalle-norme-regionali","status":"publish","type":"post","link":"https:\/\/angsaveneto.it\/?p=17952","title":{"rendered":"IL MONDO DELL&#8217;AUTISMO VENETO CHIEDE AI CANDIDATI REGIONALI  DI SOTTOSCRIVERE UN DOCUMENTO CON CUI SI IMPEGNANO A REALIZZARE CONCRETAMENTE QUANTO E&#8217; GI\u00c0&#8217; PREVISTO DALLE NORME REGIONALI"},"content":{"rendered":"<p>Le associazioni riunite nel Coordinamento Autismo Veneto, che operano in tutte le provincie della regione, hanno elaborato <strong>\u201cAutismo veneto 2020-2025: proposte per la prossima amministrazione regionale\u201d <\/strong>un testo del quale chiedono la sottoscrizione ai candidati alla presidenza della Regione ed al Consiglio regionale, per\u00a0 avere\u00a0 il loro impegno che\u00a0 porteranno avanti i progetti e le iniziative di cui le famiglie ritengono necessaria l&#8217;attuazione. Il documento, basato sui temi di cui sono portatrici le associazioni, vuole essere un modo per far si che vengano realizzate le azioni utili a dare un&#8217;assistenza migliore alle persone con autismo ed ai loro cari gi\u00e0 previste dalla regione.<\/p>\n<p>L\u2019Autismo non \u00e8 una malattia, bens\u00ec un disturbo pervasivo del neurosviluppo. Si parla pi\u00f9 propriamente di Spettro autistico, perch\u00e9 l\u2019entit\u00e0 e le caratteristiche del disturbo possono variare da soggetto a soggetto. Ad oggi si stima che in Italia 1 persona su 100 rientri nello Spettro autistico (dati ISS 2019). Stiamo parlando della prima causa di disabilit\u00e0 in Italia, con circa 500.000 famiglie coinvolte di cui 40.000 nel Veneto. Le difficolt\u00e0 che le persone con Autismo e le loro famiglie devono affrontare ogni giorno continuano per\u00f2 a restare, nonostante questo, in gran parte ancora sottovalutate e sconosciute alla societ\u00e0.<\/p>\n<p>Nel 2015, il Coordinamento ha presentato ai candidati presidenti un documento con i servizi che le famiglie e le persone con autismo si aspettavano. Oggi siamo arrivati ad \u201cAutismo Veneto 2020 2025: Proposte per la prossima amministrazione regionale\u201d. Il Coordinamento chiede a tutti i candidati di sottoscrivere l\u2019impegno ad attivarsi per rendere operativo quello che in questi 5 anni \u00e8 stato\u00a0 previsto dalle Leggi regionali, dal\u00a0 Piano socio-sanitario regionale, dal Piano Operativo per l\u2019autismo della Regione, dalle delibere di Giunta e dai decreti dirigenziali<\/p>\n<p>Il Coordinamento, formato da\u00a0 venti \u00a0di \u00a0\u00a0associazioni, auspica che nei prossimi 5 anni siano attivati e resi operativi i Gruppi di coordinamento, il Progetto individuale di assistenza, i due Centri regionali di riferimento, le equipe multidisciplinari, i servizi per gli adulti, l&#8217;inserimento lavorativo, la presa in carico da parte delle Unit\u00e0 di sanita mentale, la residenzialit\u00e0 e quanto altro gi\u00e0 previsto dalle norme. Quello che le persone autistiche e i loro familiari chiedono \u00e8 che la Regione rispetti le normative e le disposizioni che si \u00e8 data.<\/p>\n<p>I nominativi di chi sottoscriver\u00e0 il documento e si assumer\u00e0 l\u2019impegno perch\u00e9 la Regione attivi quanto ha gi\u00e0 deciso relativamente all&#8217;Autismo saranno resi noti a tutti gli \u00a0iscritti delle associazioni ed alla stampa prima delle elezioni.<\/p>\n<p>Riferimenti\u00a0\u00a0 Ruggero\u00a0 Mason\u00a0 333 1219193\u00a0 Luca Fiorin 335 7863860<\/p>\n<p><strong>Autismo Veneto 2020 2025\u00a0 <\/strong><strong>Proposte per la prossima amministrazione regionale\u00a0<\/strong><\/p>\n<p>In vista delle prossime elezioni Regionali, le Associazioni Abaut, Aiutismo, Anffas Vicenza, Angsa Treviso, AngsaVeneto, Angsa Verona, Angsa Venezia, Angsa Vicenza, Ants, Autismo Treviso, Autismo Triveneto, Autismi Verona, Cofhagra, Famiglie e abilit\u00e0, Gruppo Asperger Veneto, Gruppo Autismo Belluno, In viaggio con te Wisteria blue, Viviautismo e Sguardi di luce, riunite nel <strong>Coordinamento Autismo Veneto<\/strong>, ritenendo di essere luoghi privilegiati d\u2019incontro e confronto quotidiano sul tema dell\u2019Autismo, affermando la propria autonomia da ogni partito confermata dal pluralismo culturale, politico e sociale che ci contraddistingue, presentano questo programma per l\u2019Autismo 2020-2025 rivolto a tutti i candidati alle elezioni Regionali del Veneto 2020.<\/p>\n<p>Il contatto quotidiano con le migliaia di persone toccate dall&#8217;Autismo nella nostra Regione porta con s\u00e9 la responsabilit\u00e0 di farci interpreti delle loro esigenze e richieste; con questo documento, che non \u00e8 uno scritto programmatico e non ha pretese di completezza, vogliamo dare un contributo alla campagna elettorale, proponendo i valori e i temi di cui sono portatrici le Associazioni riunite nel Coordinamento Autismo Veneto.<\/p>\n<p>&nbsp;<\/p>\n<p>L\u2019Autismo non \u00e8 una malattia bens\u00ec un disturbo pervasivo del neuro-sviluppo che comporta la compromissione qualitativa dell\u2019interazione sociale e della comunicazione e la presenza di attivit\u00e0 e interessi ristretti, ripetitivi e stereotipati.<\/p>\n<p>Si parla di \u201cSpettro Autistico\u201d perch\u00e9 l\u2019entit\u00e0 e le caratteristiche del disturbo possono variare da soggetto a soggetto. A oggi si stima che in Italia 1 persona su 100 rientri nello Spettro Autistico (dati ISS 2019). Nonostante rappresenti la prima causa di disabilit\u00e0 in Italia, con circa 500.000 famiglie coinvolte di cui 40.000 nel Veneto, le difficolt\u00e0 che le persone con Autismo e le loro famiglie devono affrontare ogni giorno restano in gran parte ancora sconosciute alla societ\u00e0.<\/p>\n<p>&nbsp;<\/p>\n<p>Negli ultimi anni, l\u2019incremento degli studi scientifici sul tema dell\u2019Autismo ha portato ad avere una migliore comprensione delle cause e dei fattori predisponenti, oltre che ad avere strumenti e capacit\u00e0 di diagnosi pi\u00f9 affinati, permettendo di conseguenza maggiori possibilit\u00e0 terapeutiche gi\u00e0 dalla primissima infanzia, all&#8217;adolescenza, agli adulti.<\/p>\n<p>&nbsp;<\/p>\n<p>Il dato scientifico dell\u2019Autismo in et\u00e0 adulta \u00e8 stato riconosciuto anche normativamente, con la Legge 134 del 18 agosto 2015 \u201cDisposizioni in materia di diagnosi, cura e abilitazione delle persone con disturbi dello spettro autistico e di assistenza alle famiglie\u201d dando consapevolezza delle peculiarit\u00e0 delle sindromi autistiche nell\u2019et\u00e0 adulta e ponendo cosi le basi per lo sviluppo di percorsi e risorse adeguate.<\/p>\n<p>&nbsp;<\/p>\n<p>La n 134\/2015 recita Art.1, \u201cLa presente legge, in conformit\u00e0 a quanto previsto dalla risoluzione dell&#8217;Assemblea generale delle Nazioni Unite n.A\/RES\/67\/82 del 12 dicembre 2012 sui bisogni delle persone con autismo, prevede interventi finalizzati a garantire la tutela della salute, il miglioramento delle condizioni di vita e l&#8217;inserimento nella vita sociale delle persone con disturbi dello spettro autistico\u201d, garantendo un \u201ctrattamento dei disturbi dello spettro autistico in tutte le et\u00e0 della vita sulla base dell&#8217;evoluzione delle conoscenze fisiopatologiche e terapeutiche derivanti dalla letteratura scientifica e dalle buone pratiche nazionali e internazionali\u201d e disponendo inoltre che tali servizi debbano essere inseriti in LEA.<\/p>\n<p>&nbsp;<\/p>\n<p>Il 10 maggio 2018, con la Conferenza unificata Stato-Regioni, \u00e8 stato approvato l\u2019accordo per un \u201cAggiornamento delle linee di indirizzo per la promozione e il miglioramento della qualit\u00e0 e l\u2019appropriatezza degli interventi assistenziali nei Disturbi dello spettro autistico\u201d documento che prevede azioni concrete per lo sviluppo di un modello assistenziale di base dedicato ai soggetti con disturbo dello spettro autistico di ogni et\u00e0 e alle loro famiglie.<\/p>\n<p>&nbsp;<\/p>\n<p>Quest\u2019accordo ha completato, nel DPCM 12 gennaio 2017. \u201c Nuovi Lea\u201d, l\u2019art 60 che dispone\u201d Persone con disturbi dello spettro autistico; comm.1. Ai sensi della legge 18 agosto 2015, n. 134, il Servizio Sanitario Nazionale garantisce alle persone con disturbi dello spettro autistico, le prestazioni della diagnosi precoce, della cura e del trattamento individualizzato, mediante l&#8217;impiego di metodi e strumenti basati sulle pi\u00f9 avanzate evidenze scientifiche.\u201d previa intesa in sede di Conferenza unificata, \u201c.<\/p>\n<p><strong> <img decoding=\"async\" class=\"alignnone size-medium wp-image-17958\" src=\"http:\/\/veneto.angsa.it\/wp-content\/uploads\/sites\/4\/2020\/09\/elezioni-regionali-Veneto-2-300x152.jpg\" alt=\"Autismo Veneto 2020 2025 Proposte per la prossima amministrazione regionale \" width=\"300\" height=\"152\" srcset=\"https:\/\/angsaveneto.it\/wp-content\/uploads\/2020\/09\/elezioni-regionali-Veneto-2-300x152.jpg 300w, https:\/\/angsaveneto.it\/wp-content\/uploads\/2020\/09\/elezioni-regionali-Veneto-2.jpg 613w\" sizes=\"(max-width: 300px) 100vw, 300px\" \/><\/strong><\/p>\n<p><strong>Le nostre proposte<\/strong><\/p>\n<p><strong><a href=\"http:\/\/veneto.angsa.it\/wp-content\/uploads\/sites\/4\/2020\/09\/Autismo-Veneto-2020-2025-Proposte-ammistrazione-regionale.pdf\" target=\"_blank\" rel=\"noopener noreferrer\">Autismo Veneto 2020-2025 Proposte Amministrazione Regionale (Pdf)<\/a><\/strong><\/p>\n<p><strong><u>LIVELLO REGIONALE<\/u><\/strong><\/p>\n<p>&nbsp;<\/p>\n<p>L\u2019intervento di supporto alle persone autistiche, per dare risultati positivi, deve essere in tutte le et\u00e0 \u00a0svolto in un contesto di rete cui partecipano tutti i soggetti che interagiscono con la persona autistica, ovvero la sua famiglia, il SSN, la scuola, la Regione gli Enti locali, le Associazione di volontariato.<\/p>\n<p>&nbsp;<\/p>\n<p>Riteniamo fondamentale che vi siano dei punti di incontro tra le varie realt\u00e0 con il compito di elaborare delle linee guida per la Regione. Per questo proponiamo e auspichiamo che siano resi operativi:<\/p>\n<p>&nbsp;<\/p>\n<p>&#8211; Il Tavolo Tecnico Regionale: con funzione consultiva nell\u2019ambito dei Disturbi dello Spettro Autistico a supporto della Giunta regionale, fornendo indicazioni utili alla programmazione degli interventi regionali in materia;<\/p>\n<p>&nbsp;<\/p>\n<p>&#8211; <strong>Il <\/strong><strong>Gruppo di coordinamento tecnico regionale per i Disturbi dello Spettro Autistico (ASD<\/strong>): con funzione di supporto al Tavolo Tecnico Regionale e con il mandato di monitorare e verificare l\u2019applicazione a livello locale delle linee di indirizzo, di definire azioni prioritarie per migliorare la qualit\u00e0 e l\u2019efficacia degli interventi e di delineare percorsi che assicurino la continuit\u00e0 di cura nell\u2019arco della vita, affrontando la criticit\u00e0 della fase di transizione dall\u2019et\u00e0 evolutiva all\u2019et\u00e0 adulta. Il Gruppo sar\u00e0 integrato con esperti chiamati a collaborare nella realizzazione delle specifiche indicazioni operative che verranno elaborando, quindi potranno essere convocate le Associazioni delle famiglie, gli Enti Scolastici, gli Enti Locali.<\/p>\n<p>&nbsp;<\/p>\n<p>L\u2019attivazione del <strong>Piano Assistenziale Individuale (PAI)<\/strong>, che accompagner\u00e0 la persona nel suo percorso di vita tracciando le attivit\u00e0 di sostegno attuate dai vari soggetti, dovr\u00e0 essere cadenzata in relazione alle quattro fasce di et\u00e0 che corrispondono a particolari momenti critici del Disturbo e che presuppongono l\u2019individuazione di specifici obiettivi: periodo prescolare (2-6 anni); periodo scolare (7-12 anni); adolescenza (12-18 anni); et\u00e0 adulta (oltre i 18 anni).<\/p>\n<p>&nbsp;<\/p>\n<p>Proponiamo e chiediamo la creazione della<strong> Rete Informatica per l\u2019Autismo<\/strong> per la gestione del PAI; mezzo fondamentale di relazione, scambio di informazioni e conoscenze tra i vari soggetti che operano in rete , nonch\u00e9 strumento di monitoraggio di programmi, progetti e azioni. La rete informatica potr\u00e0 fornire alla Regione, alla Direzione strategica dell\u2019Azienda ULSS e ai Distretti una visione complessiva e di controllo dei processi di presa in carico e di cura, senza alcun riferimento specifico al singolo paziente (outcome del Disturbo: prevalenza, stadiazione, progressione; appropriatezza delle cure: diagnosi precoce, care management, specialistica, terapie, accessi al pronto soccorso, ospedalizzazione, assistenza; assorbimento di risorse: costi di processo assistenziale e di singoli fattori)per un miglioramento dell\u2019impiego delle risorse.<\/p>\n<p>&nbsp;<\/p>\n<p>Attraverso tale Rete sar\u00e0 \u00a0possibile una \u201cgestione relazionale del PAI\u201d e un monitoraggio dinamico del \u201cgoverno del disturbo\u201d. L\u2019obiettivo \u00e8 supportare i percorsi di cura mediante uno strumento accessibile esclusivamente dagli operatori che hanno in carico il paziente, con funzioni, oltre che gestionali, anche di relazione con gli altri nodi della rete chiamati a contribuire alla definizione e al periodico aggiornamento del PAI stesso (impostazione e aggiornamento periodico del PAI da parte dell\u2019equipe; generazione di \u201cconsegne\u201d che l\u2019equipe affida alla realizzazione da parte della famiglia, della scuola e professionisti; monitoraggio sull\u2019attuazione delle consegne stesse e sui risultati ottenuti).<\/p>\n<p>&nbsp;<\/p>\n<p><strong><em>Queste \u00a0strutture e strumenti a valenza regionale sono gi\u00e0 previsti e istituiti da diversi atti della Regione Veneto: DDG n. 31 del 23\/03\/2017 ( Gruppo operativo regionale), DGR n. 2177 del 29\/12\/2017 (Centri di regionali riferimento), L.R 48\/2018, Piano Socio Sanitario Regionale della Regione Veneto 2019-2023; DGR 574 del 9\/5\/ 2019 ( Recepimento Linee indirizzo Conferenza stato regioni 2018, Piano operativo recepimento Linee Indirizzo)<\/em><\/strong> <strong><em>), E\u2019 necessario che la Regione passi dalla previsione a renderli pienamente operativi con l\u2018assegnazione delle risorse sia di personale sia economiche adeguate.<\/em><\/strong><\/p>\n<p>&nbsp;<\/p>\n<p>&nbsp;<\/p>\n<p>Proponiamo\u00a0 due <strong>CENTRI DI RIFERIMENTO REGIONALE PER I DISTURBI DELLO SPETTRO AUTISTICO:<\/strong><\/p>\n<p><strong>\u00a0<\/strong><\/p>\n<p>&#8211; Il Centro Regionale situato presso l\u2019Azienda Ospedaliera Universitaria Integrata di Verona &#8211; UOC di Neuropsichiatria Infantile, che si occupa della diagnosi precoce, degli accertamenti eziologici e degli approfondimenti internistici e che ha il compito di formare e qualificare gli operatori sanitari delle equipe multidisciplinari territoriali dedicate ai Disturbi dello Spettro Autistico circa gli strumenti di valutazione da utilizzare e i percorsi diagnostici, in base alle pi\u00f9 recenti ricerche scientifiche, nonch\u00e9 di definire gli interventi abilitativi precoci e intensivi partendo da una valutazione funzionale multidisciplinare, utilizzando gli strumenti pi\u00f9 idonei.<\/p>\n<p>&nbsp;<\/p>\n<p>&#8211; Il Centro Regionale presso l\u2019Azienda ULSS 2 Marca Trevigiana &#8211; UO di Neuropsichiatria Infantile, che dovrebbe occuparsi dei soggetti in et\u00e0 adolescenziale e giovane adulta favorendo le loro autonomie personali, sociali e l&#8217;inserimento lavorativo, provvedendo alla definizione del piano di assistenza, valutandone l&#8217;andamento e svolgendo attivit\u00e0 di consulenza per le equipe territoriali e di sostegno alle famiglie. In particolare il Centro di Treviso dovrebbe occuparsi delle aree dell\u2019affettivit\u00e0, della sessualit\u00e0, delle abilit\u00e0 sociali e dello sviluppo delle competenze necessarie all&#8217;inserimento lavorativo, attraverso lo sviluppo di percorsi volti a favorire le autonomie personali e sociali oltre che alla promozione di progetti finalizzati all&#8217;inserimento lavorativo di soggetti adulti con Disturbi dello Spettro Autistico, che ne valorizzino le capacit\u00e0.<\/p>\n<p>&nbsp;<\/p>\n<p><strong><em>Queste proposte di strutture e strumenti a valenza regionale sono gi\u00e0 previsti e istituiti da diversi atti della Regione Veneto: DGR n. 2177 del 29\/12\/2017 (Centri di regionali riferimento), L.R 48\/2018, Piano Socio Sanitario Regionale \u00a0della Regione del Veneto 2019-2023; DGR 574 del 9\/5\/ 2019 ( Recepimento Linee indirizzo Conferenza stato regioni 2018, Piano operativo recepimento Linee Indirizzo).\u00a0\u00a0\u00a0\u00a0 <\/em><\/strong><\/p>\n<p><strong><em>E\u2019 necessario che la Regione passi dalla previsione a renderli pienamente operativi con l\u2018assegnazione delle risorse sia di personale che economiche adeguate.<\/em><\/strong><\/p>\n<p><strong>\u00a0<\/strong><\/p>\n<p><strong><u>LIVELLO TERRITORIALE <\/u><\/strong><\/p>\n<p><strong>\u00a0<\/strong><\/p>\n<p>Proponiamo che in ogni AULSS e Azienda Ospedaliera sia individuato e nominato un <strong>Referente Amministrativo per i Disturbi dello Spettro Autistico<\/strong> cui le Associazioni, gli operatori, le persone autistiche, le famiglie, possano rivolgersi per avere informazioni sui riferimenti, sugli iter e le prassi per l\u2019autismo nell\u2019AULSS o Azienda Ospedaliera di competenza.<\/p>\n<p>&nbsp;<\/p>\n<p>Proponiamo e chiediamo che sia resa operativa l\u2019 \u201c<strong>Istituzione di una rete di coordinamento tra pediatri di base, il personale che lavora negli asili nido e le unit\u00e0 di Neuropsichiatria Infantile finalizzata ad anticipare la diagnosi e l\u2019intervento attraverso programmi di formazione specifici e la messa a punto di un protocollo di riconoscimento\/valutazione di anomalie comportamentali precoci nella popolazione generale ad alto rischio\u201d.<\/strong><\/p>\n<p>&nbsp;<\/p>\n<p>Questo perch\u00e9 gli studi hanno ampiamente dimostrato che l\u2019intercettamento precoce della sindrome autistica pu\u00f2 avvenire entro i primi 36 mesi di vita e che l\u2019attivazione conseguente di adeguati interventi di supporto, sia rivolti al bambino che alla famiglia, porta a un incremento nel recupero delle autonomie da parte della persona, con conseguente diminuzione della necessit\u00e0 di assistenza nelle successive fasi della vita. L\u2019importanza dello screening precoce e delle relative azioni terapeutiche \u00e8 attualmente sostenuta dall\u2019ISS, che finanzia i progetti NIDA per la diffusione di quest\u2019assunto.<\/p>\n<p>&nbsp;<\/p>\n<p>Proponiamo e chiediamo l\u2019attivazione di <strong>E<\/strong><strong>quipe specialistiche multidisciplinari dedicate ai Disturbi dello Spettro Autistico in ogni AULSS e AO, sia presso le NPI che i Dipartimenti di Salute Mentale<\/strong>.<\/p>\n<p>&nbsp;<\/p>\n<p>Le Equipe devono svolgere funzioni di diagnosi e valutazione funzionale del Disturbo, di presa in carico dei pazienti attraverso la definizione e il monitoraggio dei progetti assistenziali, di coordinamento e collaborazione con i Pediatri e medici di famiglia, nonch\u00e9 attivit\u00e0 di formazione e informazione rivolta ai vari soggetti coinvolti nella realizzazione delle azioni del Piano: Pediatri, medici di base, famiglie, insegnanti e altri operatori scolastici. Nello specifico, alle Equipe sono affidate la valutazione integrata della persona e l\u2019elaborazione del <strong>Piano Assistenziale Individuale<\/strong>, con il suo monitoraggio, e la definizione dei Percorsi Diagnostici Terapeutici Assistenziali e Educativi (PDTAE) specifici per la persona, sui modelli regionali definiti dai due Centri di Riferimento, in modo da garantire un trattamento omogeneo a livello regionale.<\/p>\n<p>&nbsp;<\/p>\n<p>L\u2019Equipe multidisciplinare, attraverso il sistema informatico regionale che collega i vari nodi di supporto alla rete per l\u2019Autismo, attuer\u00e0 una \u201cgestione relazionale del Progetto Assistenziale Individualizzato (PAI)\u201d e un monitoraggio dinamico del \u201cgoverno del disturbo\u201d. Supporter\u00e0 i percorsi di cura in collegamento con gli operatori che hanno in carico il paziente, con funzioni non solo gestionali, e potr\u00e0 interagire direttamente con i nodi della rete chiamati a contribuire alla formazione e al periodico aggiornamento del PAI stesso.<\/p>\n<p><strong><em>\u00a0<\/em><\/strong><\/p>\n<p><strong><em>Queste proposte sono contenute e istituite in vari atti regionali (L.R 48\/2018, Pinao Socio Sanitario Regionale della Regione del Veneto 2019-2023, DGVR 574\/2019) ( Recepimento Linee indirizzo Conferenza stato regioni 2018, Piano operativo recepimento Linee Indirizzo).\u00a0\u00a0\u00a0\u00a0 <\/em><\/strong><strong>\u00a0<\/strong><\/p>\n<p><strong><em>E\u2019 necessario che la Regione passi dalla previsione a renderli pienamente operativi con l\u2018assegnazione delle risorse sia di personale che economiche adeguate.<\/em><\/strong><\/p>\n<p><em>\u00a0<\/em><\/p>\n<p><strong><u>ADULTI <\/u><\/strong><\/p>\n<p>&nbsp;<\/p>\n<p>Come gi\u00e0 detto, la Legge 134\/2015 e l\u2019accordo Stato-Regioni del 10\/05\/2018 hanno trasformato in norma l\u2019evidenza scientifica che l\u2019Autismo permane in ogni fase della vita di una persona, stabilendo che l\u2019azione di supporto deve essere pertanto garantita a tutte le et\u00e0, anche dopo i 18 anni.<\/p>\n<p>&nbsp;<\/p>\n<p>Proponiamo che la Regione attraverso, il Gruppo di coordinamento tecnico regionale per i Disturbi dello <u>S<\/u>pettro Autistico con la collaborazione dei Centri di Riferimento, \u00a0definisca specifiche linee di intervento ed elabori specifici indirizzi operativi per le diverse strutture territoriali sia sanitarie che residenziali, alla luce delle indicazioni che gi\u00e0 esistono in altre Regioni italiane e delle linee guida per gli adulti che l\u2019ISS \u00e8 in procinto di emanare.<\/p>\n<p>&nbsp;<\/p>\n<p>La presa in carico del soggetto adulto da parte del Dipartimento di Salute Mentale dovr\u00e0 avvenire in seguito al passaggio tra l\u2019Equipe multidisciplinare dell\u2019et\u00e0 evolutiva e quella dell\u2019et\u00e0 adulta, al fine di garantire la continuazione del PAI, con la volont\u00e0 di non disperdere le abilit\u00e0 acquisite e quindi di poter attuare un percorso di vita adatto alle caratteristiche individuali, che permetta alla persona di godere di un buon livello di qualit\u00e0 di vita.<\/p>\n<p>&nbsp;<\/p>\n<p>Obiettivo importante per le persone autistiche e le loro famiglie \u00e8 l\u2019inserimento lavorativo: questo dovr\u00e0 essere attuato in base alle caratteristiche individuali, permettendo al soggetto di avere un inserimento adatto al fine di migliorare la sua qualit\u00e0 di vita e garantire le risorse necessarie al suo sostentamento o di partecipazione alla sua situazione.<\/p>\n<p>&nbsp;<\/p>\n<p>Per le famiglie con persone autistiche una preoccupazione importante \u00e8 ci\u00f2 che accadr\u00e0 quando i genitori non ci saranno pi\u00f9; \u00e8 fondamentale che la Regione sviluppi appositi percorsi che portino gli adulti con Autismo a trovare la loro \u201ccasa\u201d secondo i livelli di autonomia raggiunti e del contesto famigliare di provenienza, con una sistemazione che potr\u00e0 essere residenziale, semiresidenziale o di semplice residenzialit\u00e0 leggera.<\/p>\n<p><strong>\u00a0<\/strong><\/p>\n<p><strong>Le proposte e richieste che presentiamo dalla Regione Veneto sono gi\u00e0 state oggetto di recepimento, con Leggi e atti normativi gi\u00e0 emanati e vigenti, ma solo in minima parte rese operative:<\/strong><\/p>\n<p><strong>Chiediamo<\/strong><strong> a chi sottoscrive questo manifesto di \u00a0impegnarsi perch\u00e9 il Consiglio Regionale e la Giunta Regionale\u00a0 rendano operativo completamente quanto previsto, assegnando il personale e le risorse economiche necessarie per rispondere alle attese delle famiglie e dalle persone autistiche che<\/strong> <strong>ogni giorno vivono e convivono con questa sindrome.<\/strong><\/p>\n<p><strong>\u00a0<\/strong><\/p>\n<p><strong>Ros\u00e0 20\/08\/2020<\/strong><\/p>\n<p>&nbsp;<\/p>\n<p>&nbsp;<\/p>\n","protected":false},"excerpt":{"rendered":"<p>Le associazioni riunite nel Coordinamento Autismo Veneto, che operano in tutte le provincie della regione, hanno elaborato \u201cAutismo veneto 2020-2025: proposte per la prossima amministrazione regionale\u201d un testo del quale chiedono la sottoscrizione ai candidati alla presidenza della Regione ed al Consiglio regionale, per\u00a0 avere\u00a0 il loro impegno che\u00a0 porteranno avanti i progetti e le [&hellip;]<\/p>\n","protected":false},"author":1,"featured_media":0,"comment_status":"closed","ping_status":"closed","sticky":false,"template":"","format":"standard","meta":{"site-sidebar-layout":"default","site-content-layout":"","ast-site-content-layout":"default","site-content-style":"default","site-sidebar-style":"default","ast-global-header-display":"","ast-banner-title-visibility":"","ast-main-header-display":"","ast-hfb-above-header-display":"","ast-hfb-below-header-display":"","ast-hfb-mobile-header-display":"","site-post-title":"","ast-breadcrumbs-content":"","ast-featured-img":"","footer-sml-layout":"","ast-disable-related-posts":"","theme-transparent-header-meta":"","adv-header-id-meta":"","stick-header-meta":"","header-above-stick-meta":"","header-main-stick-meta":"","header-below-stick-meta":"","astra-migrate-meta-layouts":"default","ast-page-background-enabled":"default","ast-page-background-meta":{"desktop":{"background-color":"","background-image":"","background-repeat":"repeat","background-position":"center center","background-size":"auto","background-attachment":"scroll","background-type":"","background-media":"","overlay-type":"","overlay-color":"","overlay-opacity":"","overlay-gradient":""},"tablet":{"background-color":"","background-image":"","background-repeat":"repeat","background-position":"center center","background-size":"auto","background-attachment":"scroll","background-type":"","background-media":"","overlay-type":"","overlay-color":"","overlay-opacity":"","overlay-gradient":""},"mobile":{"background-color":"","background-image":"","background-repeat":"repeat","background-position":"center center","background-size":"auto","background-attachment":"scroll","background-type":"","background-media":"","overlay-type":"","overlay-color":"","overlay-opacity":"","overlay-gradient":""}},"ast-content-background-meta":{"desktop":{"background-color":"var(--ast-global-color-5)","background-image":"","background-repeat":"repeat","background-position":"center center","background-size":"auto","background-attachment":"scroll","background-type":"","background-media":"","overlay-type":"","overlay-color":"","overlay-opacity":"","overlay-gradient":""},"tablet":{"background-color":"var(--ast-global-color-5)","background-image":"","background-repeat":"repeat","background-position":"center center","background-size":"auto","background-attachment":"scroll","background-type":"","background-media":"","overlay-type":"","overlay-color":"","overlay-opacity":"","overlay-gradient":""},"mobile":{"background-color":"var(--ast-global-color-5)","background-image":"","background-repeat":"repeat","background-position":"center center","background-size":"auto","background-attachment":"scroll","background-type":"","background-media":"","overlay-type":"","overlay-color":"","overlay-opacity":"","overlay-gradient":""}},"footnotes":""},"categories":[8],"tags":[33,112,172,267,545,677],"class_list":["post-17952","post","type-post","status-publish","format-standard","hentry","category-news","tag-33","tag-autismo","tag-cav","tag-elezioni","tag-regionali","tag-veneto"],"jetpack_featured_media_url":"","_links":{"self":[{"href":"https:\/\/angsaveneto.it\/index.php?rest_route=\/wp\/v2\/posts\/17952","targetHints":{"allow":["GET"]}}],"collection":[{"href":"https:\/\/angsaveneto.it\/index.php?rest_route=\/wp\/v2\/posts"}],"about":[{"href":"https:\/\/angsaveneto.it\/index.php?rest_route=\/wp\/v2\/types\/post"}],"author":[{"embeddable":true,"href":"https:\/\/angsaveneto.it\/index.php?rest_route=\/wp\/v2\/users\/1"}],"replies":[{"embeddable":true,"href":"https:\/\/angsaveneto.it\/index.php?rest_route=%2Fwp%2Fv2%2Fcomments&post=17952"}],"version-history":[{"count":0,"href":"https:\/\/angsaveneto.it\/index.php?rest_route=\/wp\/v2\/posts\/17952\/revisions"}],"wp:attachment":[{"href":"https:\/\/angsaveneto.it\/index.php?rest_route=%2Fwp%2Fv2%2Fmedia&parent=17952"}],"wp:term":[{"taxonomy":"category","embeddable":true,"href":"https:\/\/angsaveneto.it\/index.php?rest_route=%2Fwp%2Fv2%2Fcategories&post=17952"},{"taxonomy":"post_tag","embeddable":true,"href":"https:\/\/angsaveneto.it\/index.php?rest_route=%2Fwp%2Fv2%2Ftags&post=17952"}],"curies":[{"name":"wp","href":"https:\/\/api.w.org\/{rel}","templated":true}]}}