{"id":17921,"date":"2020-04-01T11:47:15","date_gmt":"2020-04-01T09:47:15","guid":{"rendered":"http:\/\/veneto.angsa.it\/?p=17921"},"modified":"2020-04-01T11:47:15","modified_gmt":"2020-04-01T09:47:15","slug":"comunicato-stampa-2-aprile-2020-giornata-mondiale-della-consapevolezza-sullautismo","status":"publish","type":"post","link":"https:\/\/angsaveneto.it\/?p=17921","title":{"rendered":"COMUNICATO STAMPA 2 APRILE 2020, GIORNATA MONDIALE DELLA CONSAPEVOLEZZA SULL\u2019AUTISMO"},"content":{"rendered":"<p><strong><u>ANGSA: \u201cAutismo ai tempi del Coronavirus, Ricerca e Salute al primo posto\u201d<\/u><\/strong><\/p>\n<p>&nbsp;<\/p>\n<p>L\u2019ANGSA (Associazione Nazionale Genitori Soggetti Autistici) anche quest\u2019anno sar\u00e0 impegnata per la Giornata Mondiale della Consapevolezza sull\u2019Autismo. In questo momento di grande difficolt\u00e0 per le famiglie con persone autistiche, l\u2019ANGSA ha riflettuto su quanto il Covid-19 rappresenti un rischio dal forte impatto sociale, non solo per chi \u00e8 maggiormente esposto al contagio, ma anche per chi, come le persone con disabilit\u00e0, ha bisogno di attenzioni specifiche e coordinate.<\/p>\n<p>La Giornata del 2 aprile \u00e8 stata istituita nel 2007 dall\u2019Assemblea Generale dell\u2019ONU, come ricorrenza per richiamare l\u2019attenzione di tutti sui diritti delle persone nello spettro autistico. Quest\u2019anno non si potranno ammirare i monumenti che tradizionalmente si illuminano di blu n\u00e9 si potranno organizzare convegni, eventi, iniziative pubbliche d\u2019informazione e sensibilizzazione e per questo l\u2019Associazione propone in questa giornata di pubblicare sui social una foto mostrando o indossando un oggetto di colore blu, con l\u2019hashtag #alprimoposto, per dare un\u2019attenzione particolare alla ricerca e alla sanit\u00e0, principali elementi per garantire un futuro alle persone con autismo. Inoltre ANGSA, da oggi fino al prossimo 12 aprile, aderisce alla raccolta fondi per la ricerca scientifica promossa dalla Fondazione Italiana Autismo con SMS al <strong>numero solidale 45588.<\/strong><\/p>\n<p>\u201cIn questa fase delicata che stiamo vivendo \u2013 spiega la presidente Benedetta Demartis &#8211; \u00e8 ancora pi\u00f9 necessario accendere i riflettori sulla giornata del 2 aprile per ricordare l\u2019importanza del sostegno e del supporto alle famiglie di persone con autismo. La catastrofe Coronavirus non cancella purtroppo la silenziosa epidemia che le nostre famiglie continuano ad affrontare da sempre, e spesso in perfetta solitudine. Situazione che ci ricorda quanto \u00e8 essenziale un servizio sanitario nazionale e un sistema sociale pubblico efficienti e adeguatamente finanziati. Per noi il 2 aprile non \u00e8 una festa, ma un momento di consapevolezza e riflessione, per garantire una crescita della comunit\u00e0. L\u2019esperienza di questi giorni con la pandemia Covid-19 ci ha ricordato quanto sia importante la ricerca scientifica e la sanit\u00e0. Entrambe devono essere sempre al primo posto.<\/p>\n<p><strong>Quante sono le persone con autismo?<\/strong><\/p>\n<p>Non esiste un registro come le malattie rare, n\u00e9 il sistema sanitario fornisce dati complessivi, l\u2019unico dato ufficiale e completo per tutta l\u2019Italia \u00a0\u00e8 quello fornito dal Istituto Superiore di Sanit\u00e0 che stima una prevalenza a del disturbo, di 1,35 ogni 100 bambini, cio\u00e8 1 su 74 nati, nel Veneto quindi si possono stimare circa 60.000 persone afferenti allo spettro autistico.<\/p>\n<p>Negli Usa gli ultimi dati 2016 parlano di 1 su 54. La crescita continua dei casi deriva dallo screening precoce e dal miglioramento dei metodi di diagnosi dei disturbi dello spettro autistico, dalle forme pi\u00f9 leggere dette \u201cad alto funzionamento\u201d a quelle pi\u00f9 gravi.<\/p>\n<p>Da segnalare che a fronte di un miglioramento delle diagnosi per i piccoli vi \u00e8 la contraddizione \u00a0del sistema\u00a0 sanitario che non prevede \u00a0niente per le persone con autismo dopo il 18\u00b0 anno di et\u00e0, nonostante sia scientificamente riconosciuto\u00a0 che l\u2019autismo \u00e8 un disturbo che dura tutta la vita come riportato dalla\u00a0 legge 134\/2015.<\/p>\n<p>Alla persona con autismo poche volte \u00e8 garantito, dopo la diagnosi, il diritto ai trattamenti cognitivo comportamentali cos\u00ec come previsti dalla legge e dai Livelli essenziali di Assistenza (LEA).<\/p>\n<p>Le persone con autismo e i loro familiari sanno bene che la ricerca scientifica \u00e8 fondamentale per scoprirne l\u2019origine, le cause, migliorare le diagnosi e gli \u00a0interventi abilitativi per i Disturbi dello Spettro Autistico.<\/p>\n<p>L\u2019ANGSA anche quest\u2019anno aderisce alla campagna di raccolta fondi della Fondazione Italiana Autismo (FIA), per finanziare un progetto di ricerca scientifica selezionato dal Comitato Scientifico FIA.<\/p>\n<p>Chiediamo di donare e far donare piccole somme che, se sommate a tante altre, potrebbero diventare grandi somme per far avanzare la ricerca e la conoscenza sulle cause della sindrome autistica.<\/p>\n<p>. La raccolta fondi avverr\u00e0 tramite il <strong>numero solidale<\/strong> <strong>45588, da oggi 30 marzo al 12 aprile 2020 e avr\u00e0 il supporto di RAI e Mediaset con spazi dedicati\u201d.<\/strong><\/p>\n<p><strong>\u00a0<\/strong><\/p>\n<ul>\n<li><a href=\"http:\/\/www.fondazione-autismo.it\/sfidautismo20\/\">www.fondazione-autismo.it\/sfidautismo20\/<\/a><\/li>\n<li><a href=\"http:\/\/angsa.it\/alprimoposto\/\">angsa.it\/alprimoposto\/<\/a><\/li>\n<\/ul>\n<p>&nbsp;<\/p>\n<p>Roma, 30 Marzo 2020<\/p>\n<p>[gview file=&#8221;http:\/\/veneto.angsa.it\/wp-content\/uploads\/sites\/4\/2020\/04\/ANGSA-comunicato-2-aprile-2020-Veneto.pdf&#8221;]<\/p>\n","protected":false},"excerpt":{"rendered":"<p>ANGSA: \u201cAutismo ai tempi del Coronavirus, Ricerca e Salute al primo posto\u201d &nbsp; L\u2019ANGSA (Associazione Nazionale Genitori Soggetti Autistici) anche quest\u2019anno sar\u00e0 impegnata per la Giornata Mondiale della Consapevolezza sull\u2019Autismo. In questo momento di grande difficolt\u00e0 per le famiglie con persone autistiche, l\u2019ANGSA ha riflettuto su quanto il Covid-19 rappresenti un rischio dal forte impatto [&hellip;]<\/p>\n","protected":false},"author":1,"featured_media":17913,"comment_status":"closed","ping_status":"closed","sticky":false,"template":"","format":"standard","meta":{"site-sidebar-layout":"default","site-content-layout":"","ast-site-content-layout":"default","site-content-style":"default","site-sidebar-style":"default","ast-global-header-display":"","ast-banner-title-visibility":"","ast-main-header-display":"","ast-hfb-above-header-display":"","ast-hfb-below-header-display":"","ast-hfb-mobile-header-display":"","site-post-title":"","ast-breadcrumbs-content":"","ast-featured-img":"","footer-sml-layout":"","ast-disable-related-posts":"","theme-transparent-header-meta":"","adv-header-id-meta":"","stick-header-meta":"","header-above-stick-meta":"","header-main-stick-meta":"","header-below-stick-meta":"","astra-migrate-meta-layouts":"default","ast-page-background-enabled":"default","ast-page-background-meta":{"desktop":{"background-color":"","background-image":"","background-repeat":"repeat","background-position":"center center","background-size":"auto","background-attachment":"scroll","background-type":"","background-media":"","overlay-type":"","overlay-color":"","overlay-opacity":"","overlay-gradient":""},"tablet":{"background-color":"","background-image":"","background-repeat":"repeat","background-position":"center center","background-size":"auto","background-attachment":"scroll","background-type":"","background-media":"","overlay-type":"","overlay-color":"","overlay-opacity":"","overlay-gradient":""},"mobile":{"background-color":"","background-image":"","background-repeat":"repeat","background-position":"center center","background-size":"auto","background-attachment":"scroll","background-type":"","background-media":"","overlay-type":"","overlay-color":"","overlay-opacity":"","overlay-gradient":""}},"ast-content-background-meta":{"desktop":{"background-color":"var(--ast-global-color-5)","background-image":"","background-repeat":"repeat","background-position":"center center","background-size":"auto","background-attachment":"scroll","background-type":"","background-media":"","overlay-type":"","overlay-color":"","overlay-opacity":"","overlay-gradient":""},"tablet":{"background-color":"var(--ast-global-color-5)","background-image":"","background-repeat":"repeat","background-position":"center center","background-size":"auto","background-attachment":"scroll","background-type":"","background-media":"","overlay-type":"","overlay-color":"","overlay-opacity":"","overlay-gradient":""},"mobile":{"background-color":"var(--ast-global-color-5)","background-image":"","background-repeat":"repeat","background-position":"center center","background-size":"auto","background-attachment":"scroll","background-type":"","background-media":"","overlay-type":"","overlay-color":"","overlay-opacity":"","overlay-gradient":""}},"footnotes":""},"categories":[8],"tags":[28,33,81,112,198,220,618],"class_list":["post-17921","post","type-post","status-publish","format-standard","has-post-thumbnail","hentry","category-news","tag-2-aprile","tag-33","tag-angsa","tag-autismo","tag-comunicato","tag-coronavirus","tag-stampa"],"jetpack_featured_media_url":"https:\/\/angsaveneto.it\/wp-content\/uploads\/2020\/03\/Primo-posto-titolo-2-aprile-2020-v2.0-1.png","_links":{"self":[{"href":"https:\/\/angsaveneto.it\/index.php?rest_route=\/wp\/v2\/posts\/17921","targetHints":{"allow":["GET"]}}],"collection":[{"href":"https:\/\/angsaveneto.it\/index.php?rest_route=\/wp\/v2\/posts"}],"about":[{"href":"https:\/\/angsaveneto.it\/index.php?rest_route=\/wp\/v2\/types\/post"}],"author":[{"embeddable":true,"href":"https:\/\/angsaveneto.it\/index.php?rest_route=\/wp\/v2\/users\/1"}],"replies":[{"embeddable":true,"href":"https:\/\/angsaveneto.it\/index.php?rest_route=%2Fwp%2Fv2%2Fcomments&post=17921"}],"version-history":[{"count":0,"href":"https:\/\/angsaveneto.it\/index.php?rest_route=\/wp\/v2\/posts\/17921\/revisions"}],"wp:featuredmedia":[{"embeddable":true,"href":"https:\/\/angsaveneto.it\/index.php?rest_route=\/wp\/v2\/media\/17913"}],"wp:attachment":[{"href":"https:\/\/angsaveneto.it\/index.php?rest_route=%2Fwp%2Fv2%2Fmedia&parent=17921"}],"wp:term":[{"taxonomy":"category","embeddable":true,"href":"https:\/\/angsaveneto.it\/index.php?rest_route=%2Fwp%2Fv2%2Fcategories&post=17921"},{"taxonomy":"post_tag","embeddable":true,"href":"https:\/\/angsaveneto.it\/index.php?rest_route=%2Fwp%2Fv2%2Ftags&post=17921"}],"curies":[{"name":"wp","href":"https:\/\/api.w.org\/{rel}","templated":true}]}}