{"id":17898,"date":"2020-03-17T18:00:36","date_gmt":"2020-03-17T17:00:36","guid":{"rendered":"http:\/\/veneto.angsa.it\/?p=17898"},"modified":"2020-03-17T18:00:36","modified_gmt":"2020-03-17T17:00:36","slug":"consigli-per-la-gestione-dellepidemia-covid-19-e-dei-fattori-di-distress-psichico-associati-per-le-persone-con-disabilita-intellettiva-e-autismo-con-necessita-elevata-e-molto-elevata-di-supporto","status":"publish","type":"post","link":"https:\/\/angsaveneto.it\/?p=17898","title":{"rendered":"Consigli per la gestione dell&#8217;epidemia COVID-19 e dei fattori di distress psichico associati per le persone con disabilit\u00e0 intellettiva e autismo con necessit\u00e0 elevata e molto elevata di supporto"},"content":{"rendered":"<div class=\"\" data-block=\"true\" data-editor=\"4bi3p\" data-offset-key=\"ftrp0-0-0\">\n<div class=\"_1mf _1mj\" data-offset-key=\"ftrp0-0-0\"><span data-offset-key=\"ftrp0-0-0\">Segnaliamo una guida utile per la gestione di familiari con disabilit\u00e0 intellettiva e autismo.<\/span><\/div>\n<div class=\"_1mf _1mj\" data-offset-key=\"ftrp0-0-0\"><span data-offset-key=\"ftrp0-0-0\">In questi momenti che scompigliano tutte le nostre abitudini e le routine che fanno parte della normale quotidianit\u00e0. Ovviamente il disagio \u00e8 generale in particolare per le persone con disabilit\u00e0 intellettiva che fanno fatica a capire la situazione e il perch\u00e9 del cambio delle abitudini.<\/span><\/div>\n<\/div>\n<div class=\"\" data-block=\"true\" data-editor=\"4bi3p\" data-offset-key=\"7bqdr-0-0\">\n<div class=\"_1mf _1mj\" data-offset-key=\"7bqdr-0-0\"><span data-offset-key=\"7bqdr-0-0\">Buona lettura<\/span><\/div>\n<\/div>\n<div class=\"\" data-block=\"true\" data-editor=\"4bi3p\" data-offset-key=\"1nidc-0-0\">\n<div class=\"_1mf _1mj\" data-offset-key=\"1nidc-0-0\"><span data-offset-key=\"1nidc-0-0\">\u00a0<\/span><\/div>\n<\/div>\n<div class=\"\" data-block=\"true\" data-editor=\"4bi3p\" data-offset-key=\"2h9s8-0-0\">\n<div class=\"_1mf _1mj\" data-offset-key=\"2h9s8-0-0\"><span data-offset-key=\"2h9s8-0-0\">Distress psichico delle persone con disabilit\u00e0 intellettive e autismo<\/span><\/div>\n<\/div>\n<div class=\"\" data-block=\"true\" data-editor=\"4bi3p\" data-offset-key=\"1eqrc-0-0\">\n<div class=\"_1mf _1mj\" data-offset-key=\"1eqrc-0-0\"><span data-offset-key=\"1eqrc-0-0\">\u00c8 stata la SIDIN (Societ\u00e0 Italiana per i Disturbi del Neurosviluppo), in collaborazione con il CREA (Centro di Ricerca e Ambulatori) della Fondazione San Sebastiano della Misericordia, l\u2019ASMED (Associazione per lo Studio dell\u2019Assistenza Medica alla Persona con Disabilit\u00e0), la Federazione Italiana Prader-Willi e l\u2019ANGSA (Associazione Nazionale Genitori Soggetti Autistici), a produrre un documento su come rispondere ai fattori di distress psichico delle persone con disabilit\u00e0 intellettiva e autismo, durante l\u2019attuale emergenza, testo di cui suggeriamo senz&#8217;altro un\u2019attenta consultazione<\/span><\/div>\n<\/div>\n<div class=\"\" data-block=\"true\" data-editor=\"4bi3p\" data-offset-key=\"6h3d0-0-0\">\n<div class=\"_1mf _1mj\" data-offset-key=\"6h3d0-0-0\"><span data-offset-key=\"6h3d0-0-0\">\u00a0<\/span><\/div>\n<\/div>\n<div class=\"\" data-block=\"true\" data-editor=\"4bi3p\" data-offset-key=\"6q236-0-0\">\n<div class=\"_1mf _1mj\" data-offset-key=\"6q236-0-0\"><span data-offset-key=\"6q236-0-0\"> ecco l\u2019indice dei temi:<\/span><\/div>\n<\/div>\n<div class=\"\" data-block=\"true\" data-editor=\"4bi3p\" data-offset-key=\"cispm-0-0\">\n<div class=\"_1mf _1mj\" data-offset-key=\"cispm-0-0\"><span data-offset-key=\"cispm-0-0\">\u00a0<\/span><\/div>\n<\/div>\n<div class=\"\" data-block=\"true\" data-editor=\"4bi3p\" data-offset-key=\"b0ejb-0-0\">\n<div class=\"_1mf _1mj\" data-offset-key=\"b0ejb-0-0\"><span data-offset-key=\"b0ejb-0-0\">1. La pandemia COVID-19 \u2013 2. Norme igieniche accessibili \u2013 3. Stress e preoccupazione \u2013 4. Gestione delle crisi d\u2019ansia \u2013 5. Barriere \u2013 6. Superamento delle barriere \u2013 7. Vulnerabilit\u00e0 psichica \u2013 8. Rischi legati all\u2019isolamento \u2013 9. Contrastare i rischi legati all\u2019isolamento \u2013 10. Rischi legati ai drastici cambiamenti dei luoghi e dei modi di vivere \u2013 11. Contrastare i rischi legati ai drastici cambiamenti dei luoghi e dei modi di vivere \u2013 12. Ambienti protettivi \u2013 13. Consigli per i caregiver.<\/span><\/div>\n<\/div>\n<div class=\"\" data-block=\"true\" data-editor=\"4bi3p\" data-offset-key=\"d62ov-0-0\">\n<div class=\"_1mf _1mj\" data-offset-key=\"d62ov-0-0\"><span data-offset-key=\"d62ov-0-0\">\u00a0<\/span><\/div>\n<\/div>\n<div class=\"\" data-block=\"true\" data-editor=\"4bi3p\" data-offset-key=\"2n2fo-0-0\">\n<div class=\"_1mf _1mj\" data-offset-key=\"2n2fo-0-0\"><span data-offset-key=\"2n2fo-0-0\">\u00a0<\/span><\/div>\n<\/div>\n<div class=\"\" data-block=\"true\" data-editor=\"4bi3p\" data-offset-key=\"f0d84-0-0\">\n<div class=\"_1mf _1mj\" data-offset-key=\"f0d84-0-0\"><span data-offset-key=\"f0d84-0-0\"> Consigli per la gestione dell&#8217;epidemia COVID-19 e dei fattori di distress psichico associati per le persone con disabilit\u00e0 intellettiva e autismo con necessit\u00e0 elevata e molto elevata di supporto <\/span><\/div>\n<\/div>\n<div class=\"\" data-block=\"true\" data-editor=\"4bi3p\" data-offset-key=\"7abg6-0-0\">\n<div class=\"_1mf _1mj\" data-offset-key=\"7abg6-0-0\"><span data-offset-key=\"7abg6-0-0\">http:\/\/www.superando.it\/files\/2020\/03\/documento-autismo-coronavirus.pdf<\/span><\/div>\n<div data-offset-key=\"7abg6-0-0\">[gview file=&#8221;http:\/\/veneto.angsa.it\/wp-content\/uploads\/sites\/4\/2020\/03\/scudo-al-COVID-19-per-PcDI_A_SIDiN_v-1_4.pdf&#8221;]<\/div>\n<\/div>\n","protected":false},"excerpt":{"rendered":"<p>Segnaliamo una guida utile per la gestione di familiari con disabilit\u00e0 intellettiva e autismo. In questi momenti che scompigliano tutte le nostre abitudini e le routine che fanno parte della normale quotidianit\u00e0. Ovviamente il disagio \u00e8 generale in particolare per le persone con disabilit\u00e0 intellettiva che fanno fatica a capire la situazione e il perch\u00e9 [&hellip;]<\/p>\n","protected":false},"author":1,"featured_media":0,"comment_status":"closed","ping_status":"closed","sticky":false,"template":"","format":"standard","meta":{"site-sidebar-layout":"default","site-content-layout":"","ast-site-content-layout":"default","site-content-style":"default","site-sidebar-style":"default","ast-global-header-display":"","ast-banner-title-visibility":"","ast-main-header-display":"","ast-hfb-above-header-display":"","ast-hfb-below-header-display":"","ast-hfb-mobile-header-display":"","site-post-title":"","ast-breadcrumbs-content":"","ast-featured-img":"","footer-sml-layout":"","ast-disable-related-posts":"","theme-transparent-header-meta":"","adv-header-id-meta":"","stick-header-meta":"","header-above-stick-meta":"","header-main-stick-meta":"","header-below-stick-meta":"","astra-migrate-meta-layouts":"default","ast-page-background-enabled":"default","ast-page-background-meta":{"desktop":{"background-color":"","background-image":"","background-repeat":"repeat","background-position":"center center","background-size":"auto","background-attachment":"scroll","background-type":"","background-media":"","overlay-type":"","overlay-color":"","overlay-opacity":"","overlay-gradient":""},"tablet":{"background-color":"","background-image":"","background-repeat":"repeat","background-position":"center center","background-size":"auto","background-attachment":"scroll","background-type":"","background-media":"","overlay-type":"","overlay-color":"","overlay-opacity":"","overlay-gradient":""},"mobile":{"background-color":"","background-image":"","background-repeat":"repeat","background-position":"center center","background-size":"auto","background-attachment":"scroll","background-type":"","background-media":"","overlay-type":"","overlay-color":"","overlay-opacity":"","overlay-gradient":""}},"ast-content-background-meta":{"desktop":{"background-color":"var(--ast-global-color-5)","background-image":"","background-repeat":"repeat","background-position":"center center","background-size":"auto","background-attachment":"scroll","background-type":"","background-media":"","overlay-type":"","overlay-color":"","overlay-opacity":"","overlay-gradient":""},"tablet":{"background-color":"var(--ast-global-color-5)","background-image":"","background-repeat":"repeat","background-position":"center center","background-size":"auto","background-attachment":"scroll","background-type":"","background-media":"","overlay-type":"","overlay-color":"","overlay-opacity":"","overlay-gradient":""},"mobile":{"background-color":"var(--ast-global-color-5)","background-image":"","background-repeat":"repeat","background-position":"center center","background-size":"auto","background-attachment":"scroll","background-type":"","background-media":"","overlay-type":"","overlay-color":"","overlay-opacity":"","overlay-gradient":""}},"footnotes":""},"categories":[8],"tags":[58,112,219,226,250,338,362,690],"class_list":["post-17898","post","type-post","status-publish","format-standard","hentry","category-news","tag-adsmed-angsa","tag-autismo","tag-corona","tag-crea","tag-disaboilita","tag-guida","tag-intellettiva","tag-virus"],"jetpack_featured_media_url":"","_links":{"self":[{"href":"https:\/\/angsaveneto.it\/index.php?rest_route=\/wp\/v2\/posts\/17898","targetHints":{"allow":["GET"]}}],"collection":[{"href":"https:\/\/angsaveneto.it\/index.php?rest_route=\/wp\/v2\/posts"}],"about":[{"href":"https:\/\/angsaveneto.it\/index.php?rest_route=\/wp\/v2\/types\/post"}],"author":[{"embeddable":true,"href":"https:\/\/angsaveneto.it\/index.php?rest_route=\/wp\/v2\/users\/1"}],"replies":[{"embeddable":true,"href":"https:\/\/angsaveneto.it\/index.php?rest_route=%2Fwp%2Fv2%2Fcomments&post=17898"}],"version-history":[{"count":0,"href":"https:\/\/angsaveneto.it\/index.php?rest_route=\/wp\/v2\/posts\/17898\/revisions"}],"wp:attachment":[{"href":"https:\/\/angsaveneto.it\/index.php?rest_route=%2Fwp%2Fv2%2Fmedia&parent=17898"}],"wp:term":[{"taxonomy":"category","embeddable":true,"href":"https:\/\/angsaveneto.it\/index.php?rest_route=%2Fwp%2Fv2%2Fcategories&post=17898"},{"taxonomy":"post_tag","embeddable":true,"href":"https:\/\/angsaveneto.it\/index.php?rest_route=%2Fwp%2Fv2%2Ftags&post=17898"}],"curies":[{"name":"wp","href":"https:\/\/api.w.org\/{rel}","templated":true}]}}