{"id":17844,"date":"2020-03-23T08:00:32","date_gmt":"2020-03-23T07:00:32","guid":{"rendered":"http:\/\/veneto.angsa.it\/?p=17844"},"modified":"2020-03-23T08:00:32","modified_gmt":"2020-03-23T07:00:32","slug":"corso-jasper","status":"publish","type":"post","link":"https:\/\/angsaveneto.it\/?p=17844","title":{"rendered":"Corso JASPER"},"content":{"rendered":"<div class=\"\" data-block=\"true\" data-editor=\"4adcb\" data-offset-key=\"5ugki-0-0\">\n<div class=\"_1mf _1mj\" data-offset-key=\"5ugki-0-0\"><span data-offset-key=\"5ugki-0-0\">Per la prima volta in Italia sar\u00e0 possibile partecipare alla formazione del modello di intervento JASPER, uno dei pi\u00f9 importanti evidence-based evolutivo comportamentale per bambini con autismo ed altre difficolt\u00e0 comunicative. <\/span><\/div>\n<\/div>\n<div class=\"\" data-block=\"true\" data-editor=\"4adcb\" data-offset-key=\"d1lvd-0-0\">\n<div class=\"_1mf _1mj\" data-offset-key=\"d1lvd-0-0\"><span data-offset-key=\"d1lvd-0-0\">\u00a0<\/span><\/div>\n<\/div>\n<div class=\"\" data-block=\"true\" data-editor=\"4adcb\" data-offset-key=\"17foa-0-0\">\n<div class=\"_1mf _1mj\" data-offset-key=\"17foa-0-0\"><span data-offset-key=\"17foa-0-0\">Il corso introduttivo sar\u00e0 tenuto direttamente dalla Prof.ssa Connie Kasari Ph.D, esperta internazionale di interventi per l\u2019 autismo e sviluppatrice dello stesso JASPER.<\/span><\/div>\n<\/div>\n<div class=\"\" data-block=\"true\" data-editor=\"4adcb\" data-offset-key=\"983da-0-0\">\n<div class=\"_1mf _1mj\" data-offset-key=\"983da-0-0\"><span data-offset-key=\"983da-0-0\">\u00a0<\/span><\/div>\n<\/div>\n<div class=\"\" data-block=\"true\" data-editor=\"4adcb\" data-offset-key=\"d2n5k-0-0\">\n<div class=\"_1mf _1mj\" data-offset-key=\"d2n5k-0-0\"><span data-offset-key=\"d2n5k-0-0\">L&#8217;evento \u00e8 organizzato dalla Cooperativa MINDtheKIDS e dall\u2019Associazione ABAut ONLUS . <\/span><\/div>\n<\/div>\n<div class=\"\" data-block=\"true\" data-editor=\"4adcb\" data-offset-key=\"2i4tm-0-0\">\n<div class=\"_1mf _1mj\" data-offset-key=\"2i4tm-0-0\"><span data-offset-key=\"2i4tm-0-0\">\u00a0<\/span><\/div>\n<\/div>\n<div class=\"\" data-block=\"true\" data-editor=\"4adcb\" data-offset-key=\"3q223-0-0\">\n<div class=\"_1mf _1mj\" data-offset-key=\"3q223-0-0\"><span data-offset-key=\"3q223-0-0\"> Il corso introduttivo si terr\u00e0 a Vicenza il 23.3.2020, e sar\u00e0 disponibile la traduzione simultanea in cuffia, \u00e8 aperto a circa 200 partecipanti e al momento ci sono posti disponibili. <\/span><\/div>\n<\/div>\n<div class=\"\" data-block=\"true\" data-editor=\"4adcb\" data-offset-key=\"2d434-0-0\">\n<div class=\"_1mf _1mj\" data-offset-key=\"2d434-0-0\"><span data-offset-key=\"2d434-0-0\">\u00a0<\/span><\/div>\n<\/div>\n<div class=\"\" data-block=\"true\" data-editor=\"4adcb\" data-offset-key=\"9qqn1-0-0\">\n<div class=\"_1mf _1mj\" data-offset-key=\"9qqn1-0-0\"><span data-offset-key=\"9qqn1-0-0\">Le iscrizioni e i pagamenti sono gi\u00e0 aperti secondo le modalit\u00e0 che trovate scritte nel sito internet www.centromindthekids.com<\/span><\/div>\n<\/div>\n<div class=\"\" data-block=\"true\" data-editor=\"4adcb\" data-offset-key=\"af0kq-0-0\">\n<div class=\"_1mf _1mj\" data-offset-key=\"af0kq-0-0\"><span data-offset-key=\"af0kq-0-0\">\u00a0<\/span><\/div>\n<\/div>\n<div class=\"\" data-block=\"true\" data-editor=\"4adcb\" data-offset-key=\"ftr6t-0-0\">\n<div class=\"_1mf _1mj\" data-offset-key=\"ftr6t-0-0\"><span data-offset-key=\"ftr6t-0-0\">Per i genitori il costo agevolato \u00e8 di 60 euro + 22% IVA, se ci si iscrive entro il 21\/02\/2020.<\/span><\/div>\n<\/div>\n<div class=\"\" data-block=\"true\" data-editor=\"4adcb\" data-offset-key=\"85pq7-0-0\">\n<div class=\"_1mf _1mj\" data-offset-key=\"85pq7-0-0\"><span data-offset-key=\"85pq7-0-0\">\u00a0<\/span><\/div>\n<\/div>\n<div class=\"\" data-block=\"true\" data-editor=\"4adcb\" data-offset-key=\"addot-0-0\">\n<div class=\"_1mf _1mj\" data-offset-key=\"addot-0-0\"><span data-offset-key=\"addot-0-0\">Naturalmente, qualora lo riteniate utile, potete condividerlo anche con gli insegnanti e altri genitori potenzialmente interessati.<\/span><\/div>\n<\/div>\n<div class=\"\" data-block=\"true\" data-editor=\"4adcb\" data-offset-key=\"1lijd-0-0\">\n<div class=\"_1mf _1mj\" data-offset-key=\"1lijd-0-0\"><span data-offset-key=\"1lijd-0-0\">\u00a0<\/span><\/div>\n<\/div>\n<div class=\"\" data-block=\"true\" data-editor=\"4adcb\" data-offset-key=\"111ri-0-0\">\n<div class=\"_1mf _1mj\" data-offset-key=\"111ri-0-0\"><span data-offset-key=\"111ri-0-0\"> Rimaniamo a disposizione per ulteriori chiarimenti e richieste. <\/span><\/div>\n<\/div>\n<div class=\"\" data-block=\"true\" data-editor=\"4adcb\" data-offset-key=\"5jgfk-0-0\">\n<div class=\"_1mf _1mj\" data-offset-key=\"5jgfk-0-0\"><span data-offset-key=\"5jgfk-0-0\">\u00a0<\/span><\/div>\n<\/div>\n<div class=\"\" data-block=\"true\" data-editor=\"4adcb\" data-offset-key=\"bn2f5-0-0\">\n<div class=\"_1mf _1mj\" data-offset-key=\"bn2f5-0-0\"><span data-offset-key=\"bn2f5-0-0\"> Il Team<\/span><\/div>\n<\/div>\n<div class=\"\" data-block=\"true\" data-editor=\"4adcb\" data-offset-key=\"28mp9-0-0\">\n<div class=\"_1mf _1mj\" data-offset-key=\"28mp9-0-0\"><span data-offset-key=\"28mp9-0-0\">\u00a0<\/span><\/div>\n<\/div>\n<div class=\"\" data-block=\"true\" data-editor=\"4adcb\" data-offset-key=\"30na1-0-0\">\n<div class=\"_1mf _1mj\" data-offset-key=\"30na1-0-0\"><span data-offset-key=\"30na1-0-0\">Associazione ABAut Onlus<\/span><\/div>\n<\/div>\n<div class=\"\" data-block=\"true\" data-editor=\"4adcb\" data-offset-key=\"dko0e-0-0\">\n<div class=\"_1mf _1mj\" data-offset-key=\"dko0e-0-0\"><span data-offset-key=\"dko0e-0-0\">associazioneabaut@gmail.com<\/span><\/div>\n<\/div>\n<div class=\"\" data-block=\"true\" data-editor=\"4adcb\" data-offset-key=\"56i5n-0-0\">\n<div class=\"_1mf _1mj\" data-offset-key=\"56i5n-0-0\"><span data-offset-key=\"56i5n-0-0\">Corso introduttivo \/ Sala Confartigianato<\/span><\/div>\n<\/div>\n<div class=\"\" data-block=\"true\" data-editor=\"4adcb\" data-offset-key=\"4t5su-0-0\">\n<div class=\"_1mf _1mj\" data-offset-key=\"4t5su-0-0\"><span data-offset-key=\"4t5su-0-0\">via Enrico Fermi 134, Vicenza<\/span><\/div>\n<div data-offset-key=\"4t5su-0-0\"><\/div>\n<div data-offset-key=\"4t5su-0-0\">Programma<\/div>\n<div data-offset-key=\"4t5su-0-0\">[gview file=&#8221;http:\/\/veneto.angsa.it\/wp-content\/uploads\/sites\/4\/2020\/01\/jasper_final_stampa_compressed.pdf&#8221;]<\/div>\n<\/div>\n","protected":false},"excerpt":{"rendered":"<p>Per la prima volta in Italia sar\u00e0 possibile partecipare alla formazione del modello di intervento JASPER, uno dei pi\u00f9 importanti evidence-based evolutivo comportamentale per bambini con autismo ed altre difficolt\u00e0 comunicative. \u00a0 Il corso introduttivo sar\u00e0 tenuto direttamente dalla Prof.ssa Connie Kasari Ph.D, esperta internazionale di interventi per l\u2019 autismo e sviluppatrice dello stesso JASPER. [&hellip;]<\/p>\n","protected":false},"author":1,"featured_media":17846,"comment_status":"closed","ping_status":"closed","sticky":false,"template":"","format":"standard","meta":{"site-sidebar-layout":"default","site-content-layout":"","ast-site-content-layout":"default","site-content-style":"default","site-sidebar-style":"default","ast-global-header-display":"","ast-banner-title-visibility":"","ast-main-header-display":"","ast-hfb-above-header-display":"","ast-hfb-below-header-display":"","ast-hfb-mobile-header-display":"","site-post-title":"","ast-breadcrumbs-content":"","ast-featured-img":"","footer-sml-layout":"","ast-disable-related-posts":"","theme-transparent-header-meta":"","adv-header-id-meta":"","stick-header-meta":"","header-above-stick-meta":"","header-main-stick-meta":"","header-below-stick-meta":"","astra-migrate-meta-layouts":"default","ast-page-background-enabled":"default","ast-page-background-meta":{"desktop":{"background-color":"","background-image":"","background-repeat":"repeat","background-position":"center center","background-size":"auto","background-attachment":"scroll","background-type":"","background-media":"","overlay-type":"","overlay-color":"","overlay-opacity":"","overlay-gradient":""},"tablet":{"background-color":"","background-image":"","background-repeat":"repeat","background-position":"center center","background-size":"auto","background-attachment":"scroll","background-type":"","background-media":"","overlay-type":"","overlay-color":"","overlay-opacity":"","overlay-gradient":""},"mobile":{"background-color":"","background-image":"","background-repeat":"repeat","background-position":"center center","background-size":"auto","background-attachment":"scroll","background-type":"","background-media":"","overlay-type":"","overlay-color":"","overlay-opacity":"","overlay-gradient":""}},"ast-content-background-meta":{"desktop":{"background-color":"var(--ast-global-color-5)","background-image":"","background-repeat":"repeat","background-position":"center center","background-size":"auto","background-attachment":"scroll","background-type":"","background-media":"","overlay-type":"","overlay-color":"","overlay-opacity":"","overlay-gradient":""},"tablet":{"background-color":"var(--ast-global-color-5)","background-image":"","background-repeat":"repeat","background-position":"center center","background-size":"auto","background-attachment":"scroll","background-type":"","background-media":"","overlay-type":"","overlay-color":"","overlay-opacity":"","overlay-gradient":""},"mobile":{"background-color":"var(--ast-global-color-5)","background-image":"","background-repeat":"repeat","background-position":"center center","background-size":"auto","background-attachment":"scroll","background-type":"","background-media":"","overlay-type":"","overlay-color":"","overlay-opacity":"","overlay-gradient":""}},"footnotes":""},"categories":[4],"tags":[54,112,223,371,384,432,686],"class_list":["post-17844","post","type-post","status-publish","format-standard","has-post-thumbnail","hentry","category-eventi","tag-abaut","tag-autismo","tag-corso","tag-introduttivo","tag-jasper","tag-mindthekids","tag-vicenza"],"jetpack_featured_media_url":"https:\/\/angsaveneto.it\/wp-content\/uploads\/2020\/01\/jasper_final_stampa_page-0001-Immagine.jpg","_links":{"self":[{"href":"https:\/\/angsaveneto.it\/index.php?rest_route=\/wp\/v2\/posts\/17844","targetHints":{"allow":["GET"]}}],"collection":[{"href":"https:\/\/angsaveneto.it\/index.php?rest_route=\/wp\/v2\/posts"}],"about":[{"href":"https:\/\/angsaveneto.it\/index.php?rest_route=\/wp\/v2\/types\/post"}],"author":[{"embeddable":true,"href":"https:\/\/angsaveneto.it\/index.php?rest_route=\/wp\/v2\/users\/1"}],"replies":[{"embeddable":true,"href":"https:\/\/angsaveneto.it\/index.php?rest_route=%2Fwp%2Fv2%2Fcomments&post=17844"}],"version-history":[{"count":0,"href":"https:\/\/angsaveneto.it\/index.php?rest_route=\/wp\/v2\/posts\/17844\/revisions"}],"wp:featuredmedia":[{"embeddable":true,"href":"https:\/\/angsaveneto.it\/index.php?rest_route=\/wp\/v2\/media\/17846"}],"wp:attachment":[{"href":"https:\/\/angsaveneto.it\/index.php?rest_route=%2Fwp%2Fv2%2Fmedia&parent=17844"}],"wp:term":[{"taxonomy":"category","embeddable":true,"href":"https:\/\/angsaveneto.it\/index.php?rest_route=%2Fwp%2Fv2%2Fcategories&post=17844"},{"taxonomy":"post_tag","embeddable":true,"href":"https:\/\/angsaveneto.it\/index.php?rest_route=%2Fwp%2Fv2%2Ftags&post=17844"}],"curies":[{"name":"wp","href":"https:\/\/api.w.org\/{rel}","templated":true}]}}