{"id":17829,"date":"2020-01-30T10:16:20","date_gmt":"2020-01-30T09:16:20","guid":{"rendered":"http:\/\/veneto.angsa.it\/?p=17829"},"modified":"2020-01-30T10:16:20","modified_gmt":"2020-01-30T09:16:20","slug":"progetto-autismo-intervento-abilitativo-precoce-mediato-da-genitori-e-insegnanti","status":"publish","type":"post","link":"https:\/\/angsaveneto.it\/?p=17829","title":{"rendered":"PROGETTO \u201cAUTISMO: INTERVENTO ABILITATIVO PRECOCE MEDIATO DA GENITORI E INSEGNANTI\u201d"},"content":{"rendered":"<p><img fetchpriority=\"high\" decoding=\"async\" class=\"size-full wp-image-17859 alignleft\" src=\"http:\/\/veneto.angsa.it\/wp-content\/uploads\/sites\/4\/2020\/01\/logo-ministeriale.jpg\" alt=\"\" width=\"277\" height=\"182\" \/><img decoding=\"async\" class=\"wp-image-17860 alignright\" src=\"http:\/\/veneto.angsa.it\/wp-content\/uploads\/sites\/4\/2020\/01\/contributo-300x300.jpg\" alt=\"\" width=\"221\" height=\"221\" srcset=\"https:\/\/angsaveneto.it\/wp-content\/uploads\/2020\/01\/contributo-300x300.jpg 300w, https:\/\/angsaveneto.it\/wp-content\/uploads\/2020\/01\/contributo-150x150.jpg 150w, https:\/\/angsaveneto.it\/wp-content\/uploads\/2020\/01\/contributo.jpg 472w\" sizes=\"(max-width: 221px) 100vw, 221px\" \/><\/p>\n<p>Concessione contributo protocollo 433071 del 08.10.2019<\/p>\n<p>&nbsp;<\/p>\n<p>&nbsp;<\/p>\n<p>&nbsp;<\/p>\n<p><em>\u201cProgetto \u00a0finanziato dalla Regione Veneto con risorse statali del Ministero del lavoro e delle Politiche sociali\u201d<\/em>.<\/p>\n<p>&nbsp;<\/p>\n<p>La Regione Veneto, con il decreto direttoriale nr. 110 del 7\/10\/2019,\u00a0 ha approvato l\u2019elenco dei progetti di rilevanza locale promossi da Organizzazioni di volontariato o Associazioni di promozione sociale per lo svolgimento di attivit\u00e0 di interesse generale ai sensi degli artt.72 e 73 del D.Lgs.117\/2017 (Dgr N. XI\/1513\/2019 e Decreto n.5727\/2019).<\/p>\n<p>Tra i progetti selezionati \u00e8 stato scelto anche il nostro<\/p>\n<p>\u201cAUTISMO: INTERVENTO ABILITATIVO PRECOCE MEDIATO DA GENITORI E INSEGNANTI\u201d<\/p>\n<p><strong>PREMESSA <\/strong><\/p>\n<p><strong>\u00a0<\/strong>L\u2019Autismo \u00e8 una condizione neurologica e una disabilit\u00e0 dello sviluppo che dura tutta la vita. L\u2019autismo influisce sulla comunicazione sociale dell\u2019individuo e sul rapporto con le altre persone e condiziona anche la sua esperienza del mondo. L\u2019autismo rappresenta una delle condizioni pi\u00f9 complesse, difficilmente gestibili che emergono nell\u2019et\u00e0 evolutiva. Si parla di Disturbi dello Spettro Autistico perch\u00e9 le manifestazioni variano molto tra i diversi individui. Molto spesso le persone con autismo richiedono un livello elevato di supporto nella vita quotidiana.<\/p>\n<p>Quante sono le Persone con autismo?<\/p>\n<p>Una ricerca condotta fra il 2000 e il 2010 negli USA dal Center for Disease Control and Prevention (CDC) di Atlanta sui bambini che via via compivano gli otto anni dimostra che l\u2019autismo raddoppia nel decennio, passando dal 7 al 15 per mille, pari a un bambino ogni 68. I dati delle Regioni italiane sono scarsi e disomogenei ed oggi contano soltanto 3-4 bambini su 1000, ma i bambini con autismo sono molti di pi\u00f9, perch\u00e9 non vengono fatte le diagnosi, sopratutto per i casi meno gravi.<\/p>\n<p>La conferma della condizione autistica nei figli porta spesso le famiglie in una situazione di sconforto e smarrimento ed emarginazione. In questi casi il confronto con l\u2019esperienza di altri genitori o familiari che gi\u00e0 hanno affrontato la situazione pu\u00f2 essere molto utile, degli incontri periodici di confronto possono sostenere le difficolt\u00e0 da affrontare.<\/p>\n<p>La letteratura scientifica internazionale e la Linea guida n. 21 dell\u2019Istituto Superiore di Sanit\u00e0 e la nostra esperienza confermano che le strategie di educazione speciale mediate dai genitori possono dare buoni risultati per migliorare la qualit\u00e0 di vita delle persone con autismo e delle loro famiglie. Consigliamo di iniziare al pi\u00f9 presto un intervento intensivo di tipo cognitivo-comportamentale.<\/p>\n<p>La formazione nei contesti di vita del bambino con autismo e della sua famiglia aiutano a creare una comunit\u00e0 educante in grado di condividere obiettivi prioritari per gli apprendimenti del bambino.<\/p>\n<p>Date le difficolt\u00e0 della persona con autismo a generalizzare\u00a0 diventa fondamentale una condivisione di saperi negli ambienti dove il bambino vive e cresce.<\/p>\n<p>Una famiglia che condivide con gli altri gli obiettivi del bambino avr\u00e0 anch\u2019essa una partecipazione sociale pi\u00f9 appagante.<\/p>\n<p><strong>OBIETTIVO<\/strong><\/p>\n<p><strong>\u00a0<\/strong>Dimostrare l\u2019efficacia di percorsi educativi che vedano i genitori e insegnanti gli agenti principali dell\u2019intervento abilitativo. Applicare Linea Guida 21 e DGR 2959 Regione Veneto Linee di indirizzo regionali per i Disturbi dello Spettro Autistico.<\/p>\n<p>Progetto\u00a0 [gview file=&#8221;http:\/\/veneto.angsa.it\/wp-content\/uploads\/sites\/4\/2020\/01\/Presentazione-progetto-mediato-da-genitori-1.pdf&#8221;]<\/p>\n<p>&nbsp;<\/p>\n<p>Scheda progettuale [gview file=&#8221;http:\/\/veneto.angsa.it\/wp-content\/uploads\/sites\/4\/2020\/01\/Progetto_Autismo_Intervento_precoce_mediato_da_genitori_e_insegnanti_per_web.pdf&#8221;]<\/p>\n<p>Piano economico [gview file=&#8221;http:\/\/veneto.angsa.it\/wp-content\/uploads\/sites\/4\/2020\/01\/scheda_piano_finanziario.pdf&#8221;]<\/p>\n<p>&nbsp;<\/p>\n<p>&nbsp;<\/p>\n<p>&nbsp;<\/p>\n<p>&nbsp;<\/p>\n","protected":false},"excerpt":{"rendered":"<p>Concessione contributo protocollo 433071 del 08.10.2019 &nbsp; &nbsp; &nbsp; \u201cProgetto \u00a0finanziato dalla Regione Veneto con risorse statali del Ministero del lavoro e delle Politiche sociali\u201d. &nbsp; La Regione Veneto, con il decreto direttoriale nr. 110 del 7\/10\/2019,\u00a0 ha approvato l\u2019elenco dei progetti di rilevanza locale promossi da Organizzazioni di volontariato o Associazioni di promozione sociale [&hellip;]<\/p>\n","protected":false},"author":1,"featured_media":0,"comment_status":"closed","ping_status":"closed","sticky":false,"template":"","format":"standard","meta":{"site-sidebar-layout":"default","site-content-layout":"","ast-site-content-layout":"default","site-content-style":"default","site-sidebar-style":"default","ast-global-header-display":"","ast-banner-title-visibility":"","ast-main-header-display":"","ast-hfb-above-header-display":"","ast-hfb-below-header-display":"","ast-hfb-mobile-header-display":"","site-post-title":"","ast-breadcrumbs-content":"","ast-featured-img":"","footer-sml-layout":"","ast-disable-related-posts":"","theme-transparent-header-meta":"","adv-header-id-meta":"","stick-header-meta":"","header-above-stick-meta":"","header-main-stick-meta":"","header-below-stick-meta":"","astra-migrate-meta-layouts":"default","ast-page-background-enabled":"default","ast-page-background-meta":{"desktop":{"background-color":"","background-image":"","background-repeat":"repeat","background-position":"center center","background-size":"auto","background-attachment":"scroll","background-type":"","background-media":"","overlay-type":"","overlay-color":"","overlay-opacity":"","overlay-gradient":""},"tablet":{"background-color":"","background-image":"","background-repeat":"repeat","background-position":"center center","background-size":"auto","background-attachment":"scroll","background-type":"","background-media":"","overlay-type":"","overlay-color":"","overlay-opacity":"","overlay-gradient":""},"mobile":{"background-color":"","background-image":"","background-repeat":"repeat","background-position":"center center","background-size":"auto","background-attachment":"scroll","background-type":"","background-media":"","overlay-type":"","overlay-color":"","overlay-opacity":"","overlay-gradient":""}},"ast-content-background-meta":{"desktop":{"background-color":"var(--ast-global-color-5)","background-image":"","background-repeat":"repeat","background-position":"center center","background-size":"auto","background-attachment":"scroll","background-type":"","background-media":"","overlay-type":"","overlay-color":"","overlay-opacity":"","overlay-gradient":""},"tablet":{"background-color":"var(--ast-global-color-5)","background-image":"","background-repeat":"repeat","background-position":"center center","background-size":"auto","background-attachment":"scroll","background-type":"","background-media":"","overlay-type":"","overlay-color":"","overlay-opacity":"","overlay-gradient":""},"mobile":{"background-color":"var(--ast-global-color-5)","background-image":"","background-repeat":"repeat","background-position":"center center","background-size":"auto","background-attachment":"scroll","background-type":"","background-media":"","overlay-type":"","overlay-color":"","overlay-opacity":"","overlay-gradient":""}},"footnotes":""},"categories":[8,9],"tags":[81,112,314,358,367,390,433,509,546,677],"class_list":["post-17829","post","type-post","status-publish","format-standard","hentry","category-news","category-progetti","tag-angsa","tag-autismo","tag-genitori","tag-insegnanti","tag-intervento","tag-lavoro","tag-ministero","tag-precoce","tag-regione","tag-veneto"],"jetpack_featured_media_url":"","_links":{"self":[{"href":"https:\/\/angsaveneto.it\/index.php?rest_route=\/wp\/v2\/posts\/17829","targetHints":{"allow":["GET"]}}],"collection":[{"href":"https:\/\/angsaveneto.it\/index.php?rest_route=\/wp\/v2\/posts"}],"about":[{"href":"https:\/\/angsaveneto.it\/index.php?rest_route=\/wp\/v2\/types\/post"}],"author":[{"embeddable":true,"href":"https:\/\/angsaveneto.it\/index.php?rest_route=\/wp\/v2\/users\/1"}],"replies":[{"embeddable":true,"href":"https:\/\/angsaveneto.it\/index.php?rest_route=%2Fwp%2Fv2%2Fcomments&post=17829"}],"version-history":[{"count":0,"href":"https:\/\/angsaveneto.it\/index.php?rest_route=\/wp\/v2\/posts\/17829\/revisions"}],"wp:attachment":[{"href":"https:\/\/angsaveneto.it\/index.php?rest_route=%2Fwp%2Fv2%2Fmedia&parent=17829"}],"wp:term":[{"taxonomy":"category","embeddable":true,"href":"https:\/\/angsaveneto.it\/index.php?rest_route=%2Fwp%2Fv2%2Fcategories&post=17829"},{"taxonomy":"post_tag","embeddable":true,"href":"https:\/\/angsaveneto.it\/index.php?rest_route=%2Fwp%2Fv2%2Ftags&post=17829"}],"curies":[{"name":"wp","href":"https:\/\/api.w.org\/{rel}","templated":true}]}}